{"id":899,"date":"2017-07-31T14:49:23","date_gmt":"2017-07-31T12:49:23","guid":{"rendered":"https:\/\/www.leben-atmen.com\/sueditalien\/?p=899"},"modified":"2017-07-31T14:49:23","modified_gmt":"2017-07-31T12:49:23","slug":"ziel-bari-ende-kulturradreise-2017","status":"publish","type":"post","link":"https:\/\/www.leben-atmen.com\/sueditalien\/2017\/07\/31\/ziel-bari-ende-kulturradreise-2017\/","title":{"rendered":"Ziel Bari &#8211; Ende Kulturradreise 2017"},"content":{"rendered":"<p>Mit diesem Foto endet nun der Blog, wer m\u00f6chte, kann gerne noch W\u00fcnsche, Gl\u00fcckw\u00fcnsche, oder auch konstruktive Kritik anbringen! Wir werden noch darauf antworten, ansonsten schlie\u00dfen wir mit diesem Foto unsere Berichterstattung.<\/p>\n<p>Vielen Dank an alle, die uns unterst\u00fctzt haben. Machtses Guad ! Ride on!<\/p>\n<p><a href=\"https:\/\/www.leben-atmen.com\/wp-content\/blogs.dir\/10\/files\/2017\/07\/15a7b20840a6c94490dab5edaf7a147b.jpg\" data-rel=\"lightbox-image-0\" data-rl_title=\"\" data-rl_caption=\"\" title=\"\"><img loading=\"lazy\" decoding=\"async\" src=\"https:\/\/www.leben-atmen.com\/wp-content\/blogs.dir\/10\/files\/2017\/07\/15a7b20840a6c94490dab5edaf7a147b.jpg\" alt=\"\" width=\"1200\" height=\"900\" class=\"alignnone size-full wp-image-898\" srcset=\"https:\/\/www.leben-atmen.com\/wp-content\/blogs.dir\/10\/files\/2017\/07\/15a7b20840a6c94490dab5edaf7a147b.jpg 1200w, https:\/\/www.leben-atmen.com\/wp-content\/blogs.dir\/10\/files\/2017\/07\/15a7b20840a6c94490dab5edaf7a147b-300x225.jpg 300w, https:\/\/www.leben-atmen.com\/wp-content\/blogs.dir\/10\/files\/2017\/07\/15a7b20840a6c94490dab5edaf7a147b-768x576.jpg 768w, https:\/\/www.leben-atmen.com\/wp-content\/blogs.dir\/10\/files\/2017\/07\/15a7b20840a6c94490dab5edaf7a147b-1024x768.jpg 1024w, https:\/\/www.leben-atmen.com\/wp-content\/blogs.dir\/10\/files\/2017\/07\/15a7b20840a6c94490dab5edaf7a147b-400x300.jpg 400w\" sizes=\"auto, (max-width: 1200px) 100vw, 1200px\" \/><\/a><\/p>\n","protected":false},"excerpt":{"rendered":"<p>Mit diesem Foto endet nun der Blog, wer m\u00f6chte, kann gerne noch W\u00fcnsche, Gl\u00fcckw\u00fcnsche, oder auch konstruktive Kritik anbringen! Wir werden noch darauf antworten, ansonsten schlie\u00dfen wir mit diesem Foto unsere Berichterstattung. Vielen Dank an alle, die uns unterst\u00fctzt haben. &hellip; <a href=\"https:\/\/www.leben-atmen.com\/sueditalien\/2017\/07\/31\/ziel-bari-ende-kulturradreise-2017\/\">Weiterlesen <span class=\"meta-nav\">&rarr;<\/span><\/a><\/p>\n","protected":false},"author":2,"featured_media":0,"comment_status":"open","ping_status":"open","sticky":false,"template":"","format":"standard","meta":{"_jetpack_memberships_contains_paid_content":false,"footnotes":""},"categories":[1],"tags":[],"class_list":["post-899","post","type-post","status-publish","format-standard","hentry","category-allgemein"],"jetpack_featured_media_url":"","jetpack_sharing_enabled":true,"_links":{"self":[{"href":"https:\/\/www.leben-atmen.com\/sueditalien\/wp-json\/wp\/v2\/posts\/899","targetHints":{"allow":["GET"]}}],"collection":[{"href":"https:\/\/www.leben-atmen.com\/sueditalien\/wp-json\/wp\/v2\/posts"}],"about":[{"href":"https:\/\/www.leben-atmen.com\/sueditalien\/wp-json\/wp\/v2\/types\/post"}],"author":[{"embeddable":true,"href":"https:\/\/www.leben-atmen.com\/sueditalien\/wp-json\/wp\/v2\/users\/2"}],"replies":[{"embeddable":true,"href":"https:\/\/www.leben-atmen.com\/sueditalien\/wp-json\/wp\/v2\/comments?post=899"}],"version-history":[{"count":1,"href":"https:\/\/www.leben-atmen.com\/sueditalien\/wp-json\/wp\/v2\/posts\/899\/revisions"}],"predecessor-version":[{"id":900,"href":"https:\/\/www.leben-atmen.com\/sueditalien\/wp-json\/wp\/v2\/posts\/899\/revisions\/900"}],"wp:attachment":[{"href":"https:\/\/www.leben-atmen.com\/sueditalien\/wp-json\/wp\/v2\/media?parent=899"}],"wp:term":[{"taxonomy":"category","embeddable":true,"href":"https:\/\/www.leben-atmen.com\/sueditalien\/wp-json\/wp\/v2\/categories?post=899"},{"taxonomy":"post_tag","embeddable":true,"href":"https:\/\/www.leben-atmen.com\/sueditalien\/wp-json\/wp\/v2\/tags?post=899"}],"curies":[{"name":"wp","href":"https:\/\/api.w.org\/{rel}","templated":true}]}}