{"id":890,"date":"2017-07-31T11:41:45","date_gmt":"2017-07-31T09:41:45","guid":{"rendered":"https:\/\/www.leben-atmen.com\/sueditalien\/?p=890"},"modified":"2017-07-31T11:41:45","modified_gmt":"2017-07-31T09:41:45","slug":"die-staedtchen","status":"publish","type":"post","link":"https:\/\/www.leben-atmen.com\/sueditalien\/2017\/07\/31\/die-staedtchen\/","title":{"rendered":"Die St\u00e4dtchen"},"content":{"rendered":"<p>vor Bari Sind sauber, und aufger\u00e4umt. \u00dcberall gibt es historische Pl\u00e4tze und Zentren. Alles wird f\u00fcr Ferragosto (Maria Himmelfahrt)&nbsp;den 15. August hergerichtet. Die Dekoration sieht aus, wie bei uns die Weihnachtsbeleuchtung.<br \/>\nWenn dieser Tag kommt, ist hier Hochsaison, d.h. noch mehr Italiener wie sonst schon. Die Str\u00e4nde sind \u00fcberf\u00fcllt und auch die Lokale!&nbsp;Darum machen wir uns jetzt dann bald vom italienischen&nbsp;Acker.<\/p>\n<p><a href=\"https:\/\/www.leben-atmen.com\/wp-content\/blogs.dir\/10\/files\/2017\/07\/806ca501b5735c03a91524c46c2ae939.jpg\" data-rel=\"lightbox-image-0\" data-rl_title=\"\" data-rl_caption=\"\" title=\"\"><img loading=\"lazy\" decoding=\"async\" src=\"https:\/\/www.leben-atmen.com\/wp-content\/blogs.dir\/10\/files\/2017\/07\/806ca501b5735c03a91524c46c2ae939.jpg\" alt=\"\" width=\"900\" height=\"1200\" class=\"alignnone size-full wp-image-887\" srcset=\"https:\/\/www.leben-atmen.com\/wp-content\/blogs.dir\/10\/files\/2017\/07\/806ca501b5735c03a91524c46c2ae939.jpg 900w, https:\/\/www.leben-atmen.com\/wp-content\/blogs.dir\/10\/files\/2017\/07\/806ca501b5735c03a91524c46c2ae939-225x300.jpg 225w, https:\/\/www.leben-atmen.com\/wp-content\/blogs.dir\/10\/files\/2017\/07\/806ca501b5735c03a91524c46c2ae939-768x1024.jpg 768w\" sizes=\"auto, (max-width: 900px) 100vw, 900px\" \/><\/a><a href=\"https:\/\/www.leben-atmen.com\/wp-content\/blogs.dir\/10\/files\/2017\/07\/cb8936306825204d28a25895867bc10d.jpg\" data-rel=\"lightbox-image-1\" data-rl_title=\"\" data-rl_caption=\"\" title=\"\"><img loading=\"lazy\" decoding=\"async\" src=\"https:\/\/www.leben-atmen.com\/wp-content\/blogs.dir\/10\/files\/2017\/07\/cb8936306825204d28a25895867bc10d.jpg\" alt=\"\" width=\"900\" height=\"1200\" class=\"alignnone size-full wp-image-886\" srcset=\"https:\/\/www.leben-atmen.com\/wp-content\/blogs.dir\/10\/files\/2017\/07\/cb8936306825204d28a25895867bc10d.jpg 900w, https:\/\/www.leben-atmen.com\/wp-content\/blogs.dir\/10\/files\/2017\/07\/cb8936306825204d28a25895867bc10d-225x300.jpg 225w, https:\/\/www.leben-atmen.com\/wp-content\/blogs.dir\/10\/files\/2017\/07\/cb8936306825204d28a25895867bc10d-768x1024.jpg 768w\" sizes=\"auto, (max-width: 900px) 100vw, 900px\" \/><\/a><a href=\"https:\/\/www.leben-atmen.com\/wp-content\/blogs.dir\/10\/files\/2017\/07\/36608247e39ae8d6a25433a5e6100342.jpg\" data-rel=\"lightbox-image-2\" data-rl_title=\"\" data-rl_caption=\"\" title=\"\"><img loading=\"lazy\" decoding=\"async\" src=\"https:\/\/www.leben-atmen.com\/wp-content\/blogs.dir\/10\/files\/2017\/07\/36608247e39ae8d6a25433a5e6100342.jpg\" alt=\"\" width=\"900\" height=\"1200\" class=\"alignnone size-full wp-image-888\" srcset=\"https:\/\/www.leben-atmen.com\/wp-content\/blogs.dir\/10\/files\/2017\/07\/36608247e39ae8d6a25433a5e6100342.jpg 900w, https:\/\/www.leben-atmen.com\/wp-content\/blogs.dir\/10\/files\/2017\/07\/36608247e39ae8d6a25433a5e6100342-225x300.jpg 225w, https:\/\/www.leben-atmen.com\/wp-content\/blogs.dir\/10\/files\/2017\/07\/36608247e39ae8d6a25433a5e6100342-768x1024.jpg 768w\" sizes=\"auto, (max-width: 900px) 100vw, 900px\" \/><\/a><br \/>\n<a href=\"https:\/\/www.leben-atmen.com\/wp-content\/blogs.dir\/10\/files\/2017\/07\/197875981003938d5b39e0e83925387f.jpg\" data-rel=\"lightbox-image-3\" data-rl_title=\"\" data-rl_caption=\"\" title=\"\"><img loading=\"lazy\" decoding=\"async\" src=\"https:\/\/www.leben-atmen.com\/wp-content\/blogs.dir\/10\/files\/2017\/07\/197875981003938d5b39e0e83925387f.jpg\" alt=\"\" width=\"1200\" height=\"900\" class=\"alignnone size-full wp-image-889\" srcset=\"https:\/\/www.leben-atmen.com\/wp-content\/blogs.dir\/10\/files\/2017\/07\/197875981003938d5b39e0e83925387f.jpg 1200w, https:\/\/www.leben-atmen.com\/wp-content\/blogs.dir\/10\/files\/2017\/07\/197875981003938d5b39e0e83925387f-300x225.jpg 300w, https:\/\/www.leben-atmen.com\/wp-content\/blogs.dir\/10\/files\/2017\/07\/197875981003938d5b39e0e83925387f-768x576.jpg 768w, https:\/\/www.leben-atmen.com\/wp-content\/blogs.dir\/10\/files\/2017\/07\/197875981003938d5b39e0e83925387f-1024x768.jpg 1024w, https:\/\/www.leben-atmen.com\/wp-content\/blogs.dir\/10\/files\/2017\/07\/197875981003938d5b39e0e83925387f-400x300.jpg 400w\" sizes=\"auto, (max-width: 1200px) 100vw, 1200px\" \/><\/a><\/p>\n","protected":false},"excerpt":{"rendered":"<p>vor Bari Sind sauber, und aufger\u00e4umt. \u00dcberall gibt es historische Pl\u00e4tze und Zentren. Alles wird f\u00fcr Ferragosto (Maria Himmelfahrt)&nbsp;den 15. August hergerichtet. Die Dekoration sieht aus, wie bei uns die Weihnachtsbeleuchtung. Wenn dieser Tag kommt, ist hier Hochsaison, d.h. noch &hellip; <a href=\"https:\/\/www.leben-atmen.com\/sueditalien\/2017\/07\/31\/die-staedtchen\/\">Weiterlesen <span class=\"meta-nav\">&rarr;<\/span><\/a><\/p>\n","protected":false},"author":2,"featured_media":0,"comment_status":"open","ping_status":"open","sticky":false,"template":"","format":"standard","meta":{"_jetpack_memberships_contains_paid_content":false,"footnotes":""},"categories":[1],"tags":[],"class_list":["post-890","post","type-post","status-publish","format-standard","hentry","category-allgemein"],"jetpack_featured_media_url":"","jetpack_sharing_enabled":true,"_links":{"self":[{"href":"https:\/\/www.leben-atmen.com\/sueditalien\/wp-json\/wp\/v2\/posts\/890","targetHints":{"allow":["GET"]}}],"collection":[{"href":"https:\/\/www.leben-atmen.com\/sueditalien\/wp-json\/wp\/v2\/posts"}],"about":[{"href":"https:\/\/www.leben-atmen.com\/sueditalien\/wp-json\/wp\/v2\/types\/post"}],"author":[{"embeddable":true,"href":"https:\/\/www.leben-atmen.com\/sueditalien\/wp-json\/wp\/v2\/users\/2"}],"replies":[{"embeddable":true,"href":"https:\/\/www.leben-atmen.com\/sueditalien\/wp-json\/wp\/v2\/comments?post=890"}],"version-history":[{"count":1,"href":"https:\/\/www.leben-atmen.com\/sueditalien\/wp-json\/wp\/v2\/posts\/890\/revisions"}],"predecessor-version":[{"id":891,"href":"https:\/\/www.leben-atmen.com\/sueditalien\/wp-json\/wp\/v2\/posts\/890\/revisions\/891"}],"wp:attachment":[{"href":"https:\/\/www.leben-atmen.com\/sueditalien\/wp-json\/wp\/v2\/media?parent=890"}],"wp:term":[{"taxonomy":"category","embeddable":true,"href":"https:\/\/www.leben-atmen.com\/sueditalien\/wp-json\/wp\/v2\/categories?post=890"},{"taxonomy":"post_tag","embeddable":true,"href":"https:\/\/www.leben-atmen.com\/sueditalien\/wp-json\/wp\/v2\/tags?post=890"}],"curies":[{"name":"wp","href":"https:\/\/api.w.org\/{rel}","templated":true}]}}