{"id":756,"date":"2017-07-26T11:09:44","date_gmt":"2017-07-26T09:09:44","guid":{"rendered":"https:\/\/www.leben-atmen.com\/sueditalien\/?p=756"},"modified":"2017-07-26T11:09:44","modified_gmt":"2017-07-26T09:09:44","slug":"volto-santo","status":"publish","type":"post","link":"https:\/\/www.leben-atmen.com\/sueditalien\/2017\/07\/26\/volto-santo\/","title":{"rendered":"Volto Santo"},"content":{"rendered":"<p>Der Schleier von Manopello zeigt &#8211; \u00e4hnlich dem Turiner Grabtuch &#8211; ein Abbild des Gesichtes von Jesus Christus.&nbsp;<\/p>\n<p>Die Kirche liegt etwas au\u00dferhalb des Ortes auf einem H\u00fcgel. Man kann \u00fcber eine h\u00f6lzerne Treppe hinauf steigen, und den Schleier aus n\u00e4chster N\u00e4he betrachten.&nbsp;<\/p>\n<p><a href=\"https:\/\/www.leben-atmen.com\/wp-content\/blogs.dir\/10\/files\/2017\/07\/6884b0c2a2356d71a76443967cf2b0d3.jpg\" data-rel=\"lightbox-image-0\" data-rl_title=\"\" data-rl_caption=\"\" title=\"\"><a href=\"https:\/\/www.leben-atmen.com\/wp-content\/blogs.dir\/10\/files\/2017\/07\/78984494b257636ee7f8b9f78152aa4b.jpg\" title=\"\"><img loading=\"lazy\" decoding=\"async\" src=\"https:\/\/www.leben-atmen.com\/wp-content\/blogs.dir\/10\/files\/2017\/07\/78984494b257636ee7f8b9f78152aa4b.jpg\" alt=\"\" width=\"974\" height=\"1300\" class=\"alignnone size-full wp-image-755\" srcset=\"https:\/\/www.leben-atmen.com\/wp-content\/blogs.dir\/10\/files\/2017\/07\/78984494b257636ee7f8b9f78152aa4b.jpg 974w, https:\/\/www.leben-atmen.com\/wp-content\/blogs.dir\/10\/files\/2017\/07\/78984494b257636ee7f8b9f78152aa4b-225x300.jpg 225w, https:\/\/www.leben-atmen.com\/wp-content\/blogs.dir\/10\/files\/2017\/07\/78984494b257636ee7f8b9f78152aa4b-768x1025.jpg 768w, https:\/\/www.leben-atmen.com\/wp-content\/blogs.dir\/10\/files\/2017\/07\/78984494b257636ee7f8b9f78152aa4b-767x1024.jpg 767w\" sizes=\"auto, (max-width: 974px) 100vw, 974px\" \/><\/a><\/a><a href=\"https:\/\/www.leben-atmen.com\/wp-content\/blogs.dir\/10\/files\/2017\/07\/8f439aad3c3692bf697dc2ff37c804c9.jpg\" data-rel=\"lightbox-image-1\" data-rl_title=\"\" data-rl_caption=\"\" title=\"\"><img loading=\"lazy\" decoding=\"async\" src=\"https:\/\/www.leben-atmen.com\/wp-content\/blogs.dir\/10\/files\/2017\/07\/8f439aad3c3692bf697dc2ff37c804c9.jpg\" alt=\"\" width=\"852\" height=\"1136\" class=\"alignnone size-full wp-image-752\" srcset=\"https:\/\/www.leben-atmen.com\/wp-content\/blogs.dir\/10\/files\/2017\/07\/8f439aad3c3692bf697dc2ff37c804c9.jpg 852w, https:\/\/www.leben-atmen.com\/wp-content\/blogs.dir\/10\/files\/2017\/07\/8f439aad3c3692bf697dc2ff37c804c9-225x300.jpg 225w, https:\/\/www.leben-atmen.com\/wp-content\/blogs.dir\/10\/files\/2017\/07\/8f439aad3c3692bf697dc2ff37c804c9-768x1024.jpg 768w\" sizes=\"auto, (max-width: 852px) 100vw, 852px\" \/><\/a><a href=\"https:\/\/www.leben-atmen.com\/wp-content\/blogs.dir\/10\/files\/2017\/07\/8b3886e420f6efd9648246886e63ed8d.jpg\" data-rel=\"lightbox-image-2\" data-rl_title=\"\" data-rl_caption=\"\" title=\"\"><img loading=\"lazy\" decoding=\"async\" src=\"https:\/\/www.leben-atmen.com\/wp-content\/blogs.dir\/10\/files\/2017\/07\/8b3886e420f6efd9648246886e63ed8d.jpg\" alt=\"\" width=\"974\" height=\"1300\" class=\"alignnone size-full wp-image-753\" srcset=\"https:\/\/www.leben-atmen.com\/wp-content\/blogs.dir\/10\/files\/2017\/07\/8b3886e420f6efd9648246886e63ed8d.jpg 974w, https:\/\/www.leben-atmen.com\/wp-content\/blogs.dir\/10\/files\/2017\/07\/8b3886e420f6efd9648246886e63ed8d-225x300.jpg 225w, https:\/\/www.leben-atmen.com\/wp-content\/blogs.dir\/10\/files\/2017\/07\/8b3886e420f6efd9648246886e63ed8d-768x1025.jpg 768w, https:\/\/www.leben-atmen.com\/wp-content\/blogs.dir\/10\/files\/2017\/07\/8b3886e420f6efd9648246886e63ed8d-767x1024.jpg 767w\" sizes=\"auto, (max-width: 974px) 100vw, 974px\" \/><\/a><a href=\"https:\/\/www.leben-atmen.com\/wp-content\/blogs.dir\/10\/files\/2017\/07\/b4491a9568a32137a3569ccbb2541039.jpg\" data-rel=\"lightbox-image-3\" data-rl_title=\"\" data-rl_caption=\"\" title=\"\"><img loading=\"lazy\" decoding=\"async\" src=\"https:\/\/www.leben-atmen.com\/wp-content\/blogs.dir\/10\/files\/2017\/07\/b4491a9568a32137a3569ccbb2541039.jpg\" alt=\"\" width=\"974\" height=\"1300\" class=\"alignnone size-full wp-image-754\" srcset=\"https:\/\/www.leben-atmen.com\/wp-content\/blogs.dir\/10\/files\/2017\/07\/b4491a9568a32137a3569ccbb2541039.jpg 974w, https:\/\/www.leben-atmen.com\/wp-content\/blogs.dir\/10\/files\/2017\/07\/b4491a9568a32137a3569ccbb2541039-225x300.jpg 225w, https:\/\/www.leben-atmen.com\/wp-content\/blogs.dir\/10\/files\/2017\/07\/b4491a9568a32137a3569ccbb2541039-768x1025.jpg 768w, https:\/\/www.leben-atmen.com\/wp-content\/blogs.dir\/10\/files\/2017\/07\/b4491a9568a32137a3569ccbb2541039-767x1024.jpg 767w\" sizes=\"auto, (max-width: 974px) 100vw, 974px\" \/><\/a><\/p>\n","protected":false},"excerpt":{"rendered":"<p>Der Schleier von Manopello zeigt &#8211; \u00e4hnlich dem Turiner Grabtuch &#8211; ein Abbild des Gesichtes von Jesus Christus.&nbsp; Die Kirche liegt etwas au\u00dferhalb des Ortes auf einem H\u00fcgel. Man kann \u00fcber eine h\u00f6lzerne Treppe hinauf steigen, und den Schleier aus &hellip; <a href=\"https:\/\/www.leben-atmen.com\/sueditalien\/2017\/07\/26\/volto-santo\/\">Weiterlesen <span class=\"meta-nav\">&rarr;<\/span><\/a><\/p>\n","protected":false},"author":3,"featured_media":0,"comment_status":"open","ping_status":"open","sticky":false,"template":"","format":"standard","meta":{"_jetpack_memberships_contains_paid_content":false,"footnotes":""},"categories":[1],"tags":[],"class_list":["post-756","post","type-post","status-publish","format-standard","hentry","category-allgemein"],"jetpack_featured_media_url":"","jetpack_sharing_enabled":true,"_links":{"self":[{"href":"https:\/\/www.leben-atmen.com\/sueditalien\/wp-json\/wp\/v2\/posts\/756","targetHints":{"allow":["GET"]}}],"collection":[{"href":"https:\/\/www.leben-atmen.com\/sueditalien\/wp-json\/wp\/v2\/posts"}],"about":[{"href":"https:\/\/www.leben-atmen.com\/sueditalien\/wp-json\/wp\/v2\/types\/post"}],"author":[{"embeddable":true,"href":"https:\/\/www.leben-atmen.com\/sueditalien\/wp-json\/wp\/v2\/users\/3"}],"replies":[{"embeddable":true,"href":"https:\/\/www.leben-atmen.com\/sueditalien\/wp-json\/wp\/v2\/comments?post=756"}],"version-history":[{"count":1,"href":"https:\/\/www.leben-atmen.com\/sueditalien\/wp-json\/wp\/v2\/posts\/756\/revisions"}],"predecessor-version":[{"id":757,"href":"https:\/\/www.leben-atmen.com\/sueditalien\/wp-json\/wp\/v2\/posts\/756\/revisions\/757"}],"wp:attachment":[{"href":"https:\/\/www.leben-atmen.com\/sueditalien\/wp-json\/wp\/v2\/media?parent=756"}],"wp:term":[{"taxonomy":"category","embeddable":true,"href":"https:\/\/www.leben-atmen.com\/sueditalien\/wp-json\/wp\/v2\/categories?post=756"},{"taxonomy":"post_tag","embeddable":true,"href":"https:\/\/www.leben-atmen.com\/sueditalien\/wp-json\/wp\/v2\/tags?post=756"}],"curies":[{"name":"wp","href":"https:\/\/api.w.org\/{rel}","templated":true}]}}