{"id":742,"date":"2017-07-25T19:10:36","date_gmt":"2017-07-25T17:10:36","guid":{"rendered":"https:\/\/www.leben-atmen.com\/sueditalien\/?p=742"},"modified":"2017-07-25T19:13:10","modified_gmt":"2017-07-25T17:13:10","slug":"742","status":"publish","type":"post","link":"https:\/\/www.leben-atmen.com\/sueditalien\/2017\/07\/25\/742\/","title":{"rendered":""},"content":{"rendered":"<p>Gestern haben wir mit Rieti ja offizielll die Route des Franziskusweges, der uns bestens vertraut ist, verlassen. Die Abruzzen und die Stadt L\u00b4Aquila ist f\u00fcr uns v\u00f6lliges Neuland. Als wir auf dem Domplatz ankamen, waren wir erstmal geschockt! Die ganze Stadt eine einzige Baustelle! So hatten wir es nicht erwartet. Wir waren beide wirklich von den Socken, so eine gro\u00dfe Stadt zu sehen, die immer noch wie von Christo eingeh\u00fcllt zu sein scheint. Und das nach fast neun Jahren des verheerenden Erdbebens. Alle wichtigen Bauwerke, Kirchen, der Dom, die Einkaufsmeile &#8211; alles verh\u00fcllt, gest\u00fctzt, weil kaputt. Die Verh\u00fcllungen zeigen manchmal die Bauwerke in 2D-Ansicht, reduziert auf Fenster und T\u00fcrabbildungen, farbige Textilien, was die ganze Szene noch skurriler erscheinen l\u00e4sst. Die Stadt ist menschenleer, nur hie und da lugt ein Bauarbeiter mit einem bunten Bauhelm hervor. Es ist wie in einem komischen Traum, nicht mal ein gut gemachter Science Fiction Film k\u00f6nnte so eine Stimmung abbilden.<\/p>\n<p>Abends essen wir in einer Trattoria, seitlich ist sie ist eine Ruine. Gegen\u00fcber steht ein Geisterhaus, es ist leer und die Fenster gest\u00fctzt. In der Trattoria, wie tr\u00f6stlich, ein paar Menschen, die sich wie wir am leckeren Essen freuen.<\/p>\n<p>Auf dem Heimweg aber erwachten einige Pl\u00e4tze zwischen den Ruinen zum Leben! Wider Erwarten wird gelacht, gefeiert, spaziert! Und das zwischen den gigantischen Baustellen\u2026Das Leben geht f\u00fcr die Menschen in L\u00b4Aquila normal weiter &#8211; unvorstellbar &#8211; aber andererseits &#8211; warum nicht?<\/p>\n<p>Unser lieber Freund Bruder Thomas hat in der Basilika San Francesco von Franziskus\u00a0erz\u00e4hlt. Dieser\u00a0hatte in der verfallenen Kapelle in San Damiano eine Jesuserscheinung, in einer Baustelle! Nicht irgendwo in einem gigantischen Dom, an einem super spirituellen Ort, nein, in einer Ruine spricht Jesus zu Franziskus vom Kreuz.<\/p>\n<p>In L\u00b4Aquila wird mir klar: das Leben ist eine Baustelle. Eine Baustelle ist wie ein Durchgang zu einer neuen Existenz. Aus der kleinen Baustelle San Damiano ist etwas Gro\u00dfes entstanden, Franziskus hat viele Spuren hinterlassen. L\u00b4Aquila wird auferstehen und sch\u00f6ner sein als je zuvor. Ja, und das Leben oder eine Reise geht auch mit und gerade wegen Baustellen weiter. Und wer wei\u00df, was aus den eigenen\u00a0Baustellen einmal entsteht\u2026.?<\/p>\n<p><a href=\"https:\/\/www.leben-atmen.com\/wp-content\/blogs.dir\/10\/files\/2017\/07\/314da8d4c86259aece5a1aa3d128cf2d.png\" data-rel=\"lightbox-image-0\" data-rl_title=\"\" data-rl_caption=\"\" title=\"\"><img decoding=\"async\" class=\"alignnone size-full\" src=\"https:\/\/www.leben-atmen.com\/wp-content\/blogs.dir\/10\/files\/2017\/07\/314da8d4c86259aece5a1aa3d128cf2d.png\" alt=\"\" \/><\/a><\/p>\n<p><a href=\"https:\/\/www.leben-atmen.com\/wp-content\/blogs.dir\/10\/files\/2017\/07\/562d09d7c82c2519c812d629002646dd.jpg\" data-rel=\"lightbox-image-1\" data-rl_title=\"\" data-rl_caption=\"\" title=\"\"><img decoding=\"async\" class=\"alignnone size-full\" src=\"https:\/\/www.leben-atmen.com\/wp-content\/blogs.dir\/10\/files\/2017\/07\/562d09d7c82c2519c812d629002646dd.jpg\" alt=\"\" \/><\/a><\/p>\n<p><a href=\"https:\/\/www.leben-atmen.com\/wp-content\/blogs.dir\/10\/files\/2017\/07\/1a50996027284fe5d4c47db0d4cbe38c.jpg\" data-rel=\"lightbox-image-2\" data-rl_title=\"\" data-rl_caption=\"\" title=\"\"><img decoding=\"async\" class=\"alignnone size-full\" src=\"https:\/\/www.leben-atmen.com\/wp-content\/blogs.dir\/10\/files\/2017\/07\/1a50996027284fe5d4c47db0d4cbe38c.jpg\" alt=\"\" \/><\/a><\/p>\n","protected":false},"excerpt":{"rendered":"<p>Gestern haben wir mit Rieti ja offizielll die Route des Franziskusweges, der uns bestens vertraut ist, verlassen. Die Abruzzen und die Stadt L\u00b4Aquila ist f\u00fcr uns v\u00f6lliges Neuland. Als wir auf dem Domplatz ankamen, waren wir erstmal geschockt! Die ganze &hellip; <a href=\"https:\/\/www.leben-atmen.com\/sueditalien\/2017\/07\/25\/742\/\">Weiterlesen <span class=\"meta-nav\">&rarr;<\/span><\/a><\/p>\n","protected":false},"author":2,"featured_media":0,"comment_status":"open","ping_status":"open","sticky":false,"template":"","format":"standard","meta":{"_jetpack_memberships_contains_paid_content":false,"footnotes":""},"categories":[1],"tags":[],"class_list":["post-742","post","type-post","status-publish","format-standard","hentry","category-allgemein"],"jetpack_featured_media_url":"","jetpack_sharing_enabled":true,"_links":{"self":[{"href":"https:\/\/www.leben-atmen.com\/sueditalien\/wp-json\/wp\/v2\/posts\/742","targetHints":{"allow":["GET"]}}],"collection":[{"href":"https:\/\/www.leben-atmen.com\/sueditalien\/wp-json\/wp\/v2\/posts"}],"about":[{"href":"https:\/\/www.leben-atmen.com\/sueditalien\/wp-json\/wp\/v2\/types\/post"}],"author":[{"embeddable":true,"href":"https:\/\/www.leben-atmen.com\/sueditalien\/wp-json\/wp\/v2\/users\/2"}],"replies":[{"embeddable":true,"href":"https:\/\/www.leben-atmen.com\/sueditalien\/wp-json\/wp\/v2\/comments?post=742"}],"version-history":[{"count":2,"href":"https:\/\/www.leben-atmen.com\/sueditalien\/wp-json\/wp\/v2\/posts\/742\/revisions"}],"predecessor-version":[{"id":747,"href":"https:\/\/www.leben-atmen.com\/sueditalien\/wp-json\/wp\/v2\/posts\/742\/revisions\/747"}],"wp:attachment":[{"href":"https:\/\/www.leben-atmen.com\/sueditalien\/wp-json\/wp\/v2\/media?parent=742"}],"wp:term":[{"taxonomy":"category","embeddable":true,"href":"https:\/\/www.leben-atmen.com\/sueditalien\/wp-json\/wp\/v2\/categories?post=742"},{"taxonomy":"post_tag","embeddable":true,"href":"https:\/\/www.leben-atmen.com\/sueditalien\/wp-json\/wp\/v2\/tags?post=742"}],"curies":[{"name":"wp","href":"https:\/\/api.w.org\/{rel}","templated":true}]}}