{"id":729,"date":"2017-07-25T14:52:49","date_gmt":"2017-07-25T12:52:49","guid":{"rendered":"https:\/\/www.leben-atmen.com\/sueditalien\/?p=729"},"modified":"2017-07-25T14:52:49","modified_gmt":"2017-07-25T12:52:49","slug":"ganz-allmaehlich-verlassen-wir-die-berge","status":"publish","type":"post","link":"https:\/\/www.leben-atmen.com\/sueditalien\/2017\/07\/25\/ganz-allmaehlich-verlassen-wir-die-berge\/","title":{"rendered":"Ganz allm\u00e4hlich verlassen wir die Berge"},"content":{"rendered":"<p>Es f\u00fchlt sich ein bisschen so an, als w\u00fcrde man aus den Dolomiten herausfahren.<\/p>\n<p>Linker und rechter Hand sehen wir die gewaltige Berge, w\u00e4hrend wir an einem Flusslauf bergabw\u00e4rts radeln.&nbsp;<\/p>\n<p>Aktuell ziehen schwere Gewitter mit tiefschwarzen Wolken auf. Ein orkanartiger Wind schl\u00e4gt uns ins Gesicht und macht das Vorankommen zur Qual.&nbsp;<\/p>\n<p><a href=\"https:\/\/www.leben-atmen.com\/wp-content\/blogs.dir\/10\/files\/2017\/07\/4a7f258b74a587d109a7bc5192685037.jpg\" data-rel=\"lightbox-image-0\" data-rl_title=\"\" data-rl_caption=\"\" title=\"\"><img loading=\"lazy\" decoding=\"async\" src=\"https:\/\/www.leben-atmen.com\/wp-content\/blogs.dir\/10\/files\/2017\/07\/4a7f258b74a587d109a7bc5192685037.jpg\" alt=\"\" width=\"1136\" height=\"852\" class=\"alignnone size-full wp-image-725\" srcset=\"https:\/\/www.leben-atmen.com\/wp-content\/blogs.dir\/10\/files\/2017\/07\/4a7f258b74a587d109a7bc5192685037.jpg 1136w, https:\/\/www.leben-atmen.com\/wp-content\/blogs.dir\/10\/files\/2017\/07\/4a7f258b74a587d109a7bc5192685037-300x225.jpg 300w, https:\/\/www.leben-atmen.com\/wp-content\/blogs.dir\/10\/files\/2017\/07\/4a7f258b74a587d109a7bc5192685037-768x576.jpg 768w, https:\/\/www.leben-atmen.com\/wp-content\/blogs.dir\/10\/files\/2017\/07\/4a7f258b74a587d109a7bc5192685037-1024x768.jpg 1024w, https:\/\/www.leben-atmen.com\/wp-content\/blogs.dir\/10\/files\/2017\/07\/4a7f258b74a587d109a7bc5192685037-400x300.jpg 400w\" sizes=\"auto, (max-width: 1136px) 100vw, 1136px\" \/><\/a><a href=\"https:\/\/www.leben-atmen.com\/wp-content\/blogs.dir\/10\/files\/2017\/07\/f4c710587b3df4b0020123f70dc27697.jpg\" data-rel=\"lightbox-image-1\" data-rl_title=\"\" data-rl_caption=\"\" title=\"\"><img loading=\"lazy\" decoding=\"async\" src=\"https:\/\/www.leben-atmen.com\/wp-content\/blogs.dir\/10\/files\/2017\/07\/f4c710587b3df4b0020123f70dc27697.jpg\" alt=\"\" width=\"1136\" height=\"852\" class=\"alignnone size-full wp-image-727\" srcset=\"https:\/\/www.leben-atmen.com\/wp-content\/blogs.dir\/10\/files\/2017\/07\/f4c710587b3df4b0020123f70dc27697.jpg 1136w, https:\/\/www.leben-atmen.com\/wp-content\/blogs.dir\/10\/files\/2017\/07\/f4c710587b3df4b0020123f70dc27697-300x225.jpg 300w, https:\/\/www.leben-atmen.com\/wp-content\/blogs.dir\/10\/files\/2017\/07\/f4c710587b3df4b0020123f70dc27697-768x576.jpg 768w, https:\/\/www.leben-atmen.com\/wp-content\/blogs.dir\/10\/files\/2017\/07\/f4c710587b3df4b0020123f70dc27697-1024x768.jpg 1024w, https:\/\/www.leben-atmen.com\/wp-content\/blogs.dir\/10\/files\/2017\/07\/f4c710587b3df4b0020123f70dc27697-400x300.jpg 400w\" sizes=\"auto, (max-width: 1136px) 100vw, 1136px\" \/><\/a><a href=\"https:\/\/www.leben-atmen.com\/wp-content\/blogs.dir\/10\/files\/2017\/07\/f32165537c1faa32ce2cfabf19ce79ab.jpg\" data-rel=\"lightbox-image-2\" data-rl_title=\"\" data-rl_caption=\"\" title=\"\"><img loading=\"lazy\" decoding=\"async\" src=\"https:\/\/www.leben-atmen.com\/wp-content\/blogs.dir\/10\/files\/2017\/07\/f32165537c1faa32ce2cfabf19ce79ab.jpg\" alt=\"\" width=\"974\" height=\"1300\" class=\"alignnone size-full wp-image-726\" srcset=\"https:\/\/www.leben-atmen.com\/wp-content\/blogs.dir\/10\/files\/2017\/07\/f32165537c1faa32ce2cfabf19ce79ab.jpg 974w, https:\/\/www.leben-atmen.com\/wp-content\/blogs.dir\/10\/files\/2017\/07\/f32165537c1faa32ce2cfabf19ce79ab-225x300.jpg 225w, https:\/\/www.leben-atmen.com\/wp-content\/blogs.dir\/10\/files\/2017\/07\/f32165537c1faa32ce2cfabf19ce79ab-768x1025.jpg 768w, https:\/\/www.leben-atmen.com\/wp-content\/blogs.dir\/10\/files\/2017\/07\/f32165537c1faa32ce2cfabf19ce79ab-767x1024.jpg 767w\" sizes=\"auto, (max-width: 974px) 100vw, 974px\" \/><\/a><a href=\"https:\/\/www.leben-atmen.com\/wp-content\/blogs.dir\/10\/files\/2017\/07\/d0c88edc497dff3d9f57634f4cc8fafa.jpg\" data-rel=\"lightbox-image-3\" data-rl_title=\"\" data-rl_caption=\"\" title=\"\"><img loading=\"lazy\" decoding=\"async\" src=\"https:\/\/www.leben-atmen.com\/wp-content\/blogs.dir\/10\/files\/2017\/07\/d0c88edc497dff3d9f57634f4cc8fafa.jpg\" alt=\"\" width=\"1300\" height=\"974\" class=\"alignnone size-full wp-image-728\" srcset=\"https:\/\/www.leben-atmen.com\/wp-content\/blogs.dir\/10\/files\/2017\/07\/d0c88edc497dff3d9f57634f4cc8fafa.jpg 1300w, https:\/\/www.leben-atmen.com\/wp-content\/blogs.dir\/10\/files\/2017\/07\/d0c88edc497dff3d9f57634f4cc8fafa-300x225.jpg 300w, https:\/\/www.leben-atmen.com\/wp-content\/blogs.dir\/10\/files\/2017\/07\/d0c88edc497dff3d9f57634f4cc8fafa-768x575.jpg 768w, https:\/\/www.leben-atmen.com\/wp-content\/blogs.dir\/10\/files\/2017\/07\/d0c88edc497dff3d9f57634f4cc8fafa-1024x767.jpg 1024w, https:\/\/www.leben-atmen.com\/wp-content\/blogs.dir\/10\/files\/2017\/07\/d0c88edc497dff3d9f57634f4cc8fafa-400x300.jpg 400w\" sizes=\"auto, (max-width: 1300px) 100vw, 1300px\" \/><\/a><\/p>\n","protected":false},"excerpt":{"rendered":"<p>Es f\u00fchlt sich ein bisschen so an, als w\u00fcrde man aus den Dolomiten herausfahren. Linker und rechter Hand sehen wir die gewaltige Berge, w\u00e4hrend wir an einem Flusslauf bergabw\u00e4rts radeln.&nbsp; Aktuell ziehen schwere Gewitter mit tiefschwarzen Wolken auf. Ein orkanartiger &hellip; <a href=\"https:\/\/www.leben-atmen.com\/sueditalien\/2017\/07\/25\/ganz-allmaehlich-verlassen-wir-die-berge\/\">Weiterlesen <span class=\"meta-nav\">&rarr;<\/span><\/a><\/p>\n","protected":false},"author":3,"featured_media":0,"comment_status":"open","ping_status":"open","sticky":false,"template":"","format":"standard","meta":{"_jetpack_memberships_contains_paid_content":false,"footnotes":""},"categories":[1],"tags":[],"class_list":["post-729","post","type-post","status-publish","format-standard","hentry","category-allgemein"],"jetpack_featured_media_url":"","jetpack_sharing_enabled":true,"_links":{"self":[{"href":"https:\/\/www.leben-atmen.com\/sueditalien\/wp-json\/wp\/v2\/posts\/729","targetHints":{"allow":["GET"]}}],"collection":[{"href":"https:\/\/www.leben-atmen.com\/sueditalien\/wp-json\/wp\/v2\/posts"}],"about":[{"href":"https:\/\/www.leben-atmen.com\/sueditalien\/wp-json\/wp\/v2\/types\/post"}],"author":[{"embeddable":true,"href":"https:\/\/www.leben-atmen.com\/sueditalien\/wp-json\/wp\/v2\/users\/3"}],"replies":[{"embeddable":true,"href":"https:\/\/www.leben-atmen.com\/sueditalien\/wp-json\/wp\/v2\/comments?post=729"}],"version-history":[{"count":1,"href":"https:\/\/www.leben-atmen.com\/sueditalien\/wp-json\/wp\/v2\/posts\/729\/revisions"}],"predecessor-version":[{"id":730,"href":"https:\/\/www.leben-atmen.com\/sueditalien\/wp-json\/wp\/v2\/posts\/729\/revisions\/730"}],"wp:attachment":[{"href":"https:\/\/www.leben-atmen.com\/sueditalien\/wp-json\/wp\/v2\/media?parent=729"}],"wp:term":[{"taxonomy":"category","embeddable":true,"href":"https:\/\/www.leben-atmen.com\/sueditalien\/wp-json\/wp\/v2\/categories?post=729"},{"taxonomy":"post_tag","embeddable":true,"href":"https:\/\/www.leben-atmen.com\/sueditalien\/wp-json\/wp\/v2\/tags?post=729"}],"curies":[{"name":"wp","href":"https:\/\/api.w.org\/{rel}","templated":true}]}}