{"id":722,"date":"2017-07-25T11:20:14","date_gmt":"2017-07-25T09:20:14","guid":{"rendered":"https:\/\/www.leben-atmen.com\/sueditalien\/?p=722"},"modified":"2017-07-25T11:20:14","modified_gmt":"2017-07-25T09:20:14","slug":"wir-radeln-in-den-abruzzen-umher","status":"publish","type":"post","link":"https:\/\/www.leben-atmen.com\/sueditalien\/2017\/07\/25\/wir-radeln-in-den-abruzzen-umher\/","title":{"rendered":"Wir radeln in den Abruzzen umher"},"content":{"rendered":"<p>Soeben haben wir den h\u00f6chsten Punkt der heutigen Tagesetappe erreicht: 845 H\u00f6henmeter.&nbsp;<\/p>\n<p>Das d\u00fcrfte zudem der h\u00f6chste Punkt sein, den wir bis Bari erreichen werden. Morgen kommen wir an das Meer. Darauf freuen wir uns auch schon sehr.<\/p>\n<p>Ach ja, hier w\u00e4chst auch Safran.&nbsp;<\/p>\n<p><a href=\"https:\/\/www.leben-atmen.com\/wp-content\/blogs.dir\/10\/files\/2017\/07\/cde2d82d99a7f6cc130179f4fa023522.jpg\" data-rel=\"lightbox-image-0\" data-rl_title=\"\" data-rl_caption=\"\" title=\"\"><img loading=\"lazy\" decoding=\"async\" src=\"https:\/\/www.leben-atmen.com\/wp-content\/blogs.dir\/10\/files\/2017\/07\/cde2d82d99a7f6cc130179f4fa023522.jpg\" alt=\"\" width=\"852\" height=\"1136\" class=\"alignnone size-full wp-image-721\" srcset=\"https:\/\/www.leben-atmen.com\/wp-content\/blogs.dir\/10\/files\/2017\/07\/cde2d82d99a7f6cc130179f4fa023522.jpg 852w, https:\/\/www.leben-atmen.com\/wp-content\/blogs.dir\/10\/files\/2017\/07\/cde2d82d99a7f6cc130179f4fa023522-225x300.jpg 225w, https:\/\/www.leben-atmen.com\/wp-content\/blogs.dir\/10\/files\/2017\/07\/cde2d82d99a7f6cc130179f4fa023522-768x1024.jpg 768w\" sizes=\"auto, (max-width: 852px) 100vw, 852px\" \/><\/a><a href=\"https:\/\/www.leben-atmen.com\/wp-content\/blogs.dir\/10\/files\/2017\/07\/5f39b460b174bbc584c65f21c9bce754.jpg\" data-rel=\"lightbox-image-1\" data-rl_title=\"\" data-rl_caption=\"\" title=\"\"><img loading=\"lazy\" decoding=\"async\" src=\"https:\/\/www.leben-atmen.com\/wp-content\/blogs.dir\/10\/files\/2017\/07\/5f39b460b174bbc584c65f21c9bce754.jpg\" alt=\"\" width=\"1136\" height=\"852\" class=\"alignnone size-full wp-image-718\" srcset=\"https:\/\/www.leben-atmen.com\/wp-content\/blogs.dir\/10\/files\/2017\/07\/5f39b460b174bbc584c65f21c9bce754.jpg 1136w, https:\/\/www.leben-atmen.com\/wp-content\/blogs.dir\/10\/files\/2017\/07\/5f39b460b174bbc584c65f21c9bce754-300x225.jpg 300w, https:\/\/www.leben-atmen.com\/wp-content\/blogs.dir\/10\/files\/2017\/07\/5f39b460b174bbc584c65f21c9bce754-768x576.jpg 768w, https:\/\/www.leben-atmen.com\/wp-content\/blogs.dir\/10\/files\/2017\/07\/5f39b460b174bbc584c65f21c9bce754-1024x768.jpg 1024w, https:\/\/www.leben-atmen.com\/wp-content\/blogs.dir\/10\/files\/2017\/07\/5f39b460b174bbc584c65f21c9bce754-400x300.jpg 400w\" sizes=\"auto, (max-width: 1136px) 100vw, 1136px\" \/><\/a><a href=\"https:\/\/www.leben-atmen.com\/wp-content\/blogs.dir\/10\/files\/2017\/07\/241ac3d2de7a949eaf9bce2b9b3091ac.jpg\" data-rel=\"lightbox-image-2\" data-rl_title=\"\" data-rl_caption=\"\" title=\"\"><img loading=\"lazy\" decoding=\"async\" src=\"https:\/\/www.leben-atmen.com\/wp-content\/blogs.dir\/10\/files\/2017\/07\/241ac3d2de7a949eaf9bce2b9b3091ac.jpg\" alt=\"\" width=\"974\" height=\"1300\" class=\"alignnone size-full wp-image-719\" srcset=\"https:\/\/www.leben-atmen.com\/wp-content\/blogs.dir\/10\/files\/2017\/07\/241ac3d2de7a949eaf9bce2b9b3091ac.jpg 974w, https:\/\/www.leben-atmen.com\/wp-content\/blogs.dir\/10\/files\/2017\/07\/241ac3d2de7a949eaf9bce2b9b3091ac-225x300.jpg 225w, https:\/\/www.leben-atmen.com\/wp-content\/blogs.dir\/10\/files\/2017\/07\/241ac3d2de7a949eaf9bce2b9b3091ac-768x1025.jpg 768w, https:\/\/www.leben-atmen.com\/wp-content\/blogs.dir\/10\/files\/2017\/07\/241ac3d2de7a949eaf9bce2b9b3091ac-767x1024.jpg 767w\" sizes=\"auto, (max-width: 974px) 100vw, 974px\" \/><\/a><a href=\"https:\/\/www.leben-atmen.com\/wp-content\/blogs.dir\/10\/files\/2017\/07\/e3acfc00213aa6f346972061b768ccd8.jpg\" data-rel=\"lightbox-image-3\" data-rl_title=\"\" data-rl_caption=\"\" title=\"\"><img loading=\"lazy\" decoding=\"async\" src=\"https:\/\/www.leben-atmen.com\/wp-content\/blogs.dir\/10\/files\/2017\/07\/e3acfc00213aa6f346972061b768ccd8.jpg\" alt=\"\" width=\"640\" height=\"1136\" class=\"alignnone size-full wp-image-720\" srcset=\"https:\/\/www.leben-atmen.com\/wp-content\/blogs.dir\/10\/files\/2017\/07\/e3acfc00213aa6f346972061b768ccd8.jpg 640w, https:\/\/www.leben-atmen.com\/wp-content\/blogs.dir\/10\/files\/2017\/07\/e3acfc00213aa6f346972061b768ccd8-169x300.jpg 169w, https:\/\/www.leben-atmen.com\/wp-content\/blogs.dir\/10\/files\/2017\/07\/e3acfc00213aa6f346972061b768ccd8-577x1024.jpg 577w\" sizes=\"auto, (max-width: 640px) 100vw, 640px\" \/><\/a><\/p>\n","protected":false},"excerpt":{"rendered":"<p>Soeben haben wir den h\u00f6chsten Punkt der heutigen Tagesetappe erreicht: 845 H\u00f6henmeter.&nbsp; Das d\u00fcrfte zudem der h\u00f6chste Punkt sein, den wir bis Bari erreichen werden. Morgen kommen wir an das Meer. Darauf freuen wir uns auch schon sehr. Ach ja, &hellip; <a href=\"https:\/\/www.leben-atmen.com\/sueditalien\/2017\/07\/25\/wir-radeln-in-den-abruzzen-umher\/\">Weiterlesen <span class=\"meta-nav\">&rarr;<\/span><\/a><\/p>\n","protected":false},"author":3,"featured_media":0,"comment_status":"open","ping_status":"open","sticky":false,"template":"","format":"standard","meta":{"_jetpack_memberships_contains_paid_content":false,"footnotes":""},"categories":[1],"tags":[],"class_list":["post-722","post","type-post","status-publish","format-standard","hentry","category-allgemein"],"jetpack_featured_media_url":"","jetpack_sharing_enabled":true,"_links":{"self":[{"href":"https:\/\/www.leben-atmen.com\/sueditalien\/wp-json\/wp\/v2\/posts\/722","targetHints":{"allow":["GET"]}}],"collection":[{"href":"https:\/\/www.leben-atmen.com\/sueditalien\/wp-json\/wp\/v2\/posts"}],"about":[{"href":"https:\/\/www.leben-atmen.com\/sueditalien\/wp-json\/wp\/v2\/types\/post"}],"author":[{"embeddable":true,"href":"https:\/\/www.leben-atmen.com\/sueditalien\/wp-json\/wp\/v2\/users\/3"}],"replies":[{"embeddable":true,"href":"https:\/\/www.leben-atmen.com\/sueditalien\/wp-json\/wp\/v2\/comments?post=722"}],"version-history":[{"count":1,"href":"https:\/\/www.leben-atmen.com\/sueditalien\/wp-json\/wp\/v2\/posts\/722\/revisions"}],"predecessor-version":[{"id":723,"href":"https:\/\/www.leben-atmen.com\/sueditalien\/wp-json\/wp\/v2\/posts\/722\/revisions\/723"}],"wp:attachment":[{"href":"https:\/\/www.leben-atmen.com\/sueditalien\/wp-json\/wp\/v2\/media?parent=722"}],"wp:term":[{"taxonomy":"category","embeddable":true,"href":"https:\/\/www.leben-atmen.com\/sueditalien\/wp-json\/wp\/v2\/categories?post=722"},{"taxonomy":"post_tag","embeddable":true,"href":"https:\/\/www.leben-atmen.com\/sueditalien\/wp-json\/wp\/v2\/tags?post=722"}],"curies":[{"name":"wp","href":"https:\/\/api.w.org\/{rel}","templated":true}]}}