{"id":698,"date":"2017-07-24T13:24:49","date_gmt":"2017-07-24T11:24:49","guid":{"rendered":"https:\/\/www.leben-atmen.com\/sueditalien\/?p=698"},"modified":"2017-07-24T13:24:49","modified_gmt":"2017-07-24T11:24:49","slug":"wir-sind-in-den-abruzzen","status":"publish","type":"post","link":"https:\/\/www.leben-atmen.com\/sueditalien\/2017\/07\/24\/wir-sind-in-den-abruzzen\/","title":{"rendered":"Wir sind in den Abruzzen"},"content":{"rendered":"<p>Hier sind die Berge noch etwas h\u00f6her als wir sie in Umbrien oder auch in der Toskana gesehen haben. Die Umgebung wirkt noch ein St\u00fcck rauer. Viele H\u00e4user sind hier verlassen.<\/p>\n<p>Zudem h\u00e4ngen dicke dunkle Wolken \u00fcber den Bergen. Wir hoffen, dass es nicht regnet.&nbsp;<\/p>\n<p><a href=\"https:\/\/www.leben-atmen.com\/wp-content\/blogs.dir\/10\/files\/2017\/07\/3c8af20ce930bcd3221dd649dd21ff91.jpg\" data-rel=\"lightbox-image-0\" data-rl_title=\"\" data-rl_caption=\"\" title=\"\"><img loading=\"lazy\" decoding=\"async\" src=\"https:\/\/www.leben-atmen.com\/wp-content\/blogs.dir\/10\/files\/2017\/07\/3c8af20ce930bcd3221dd649dd21ff91.jpg\" alt=\"\" width=\"1136\" height=\"852\" class=\"alignnone size-full wp-image-697\" srcset=\"https:\/\/www.leben-atmen.com\/wp-content\/blogs.dir\/10\/files\/2017\/07\/3c8af20ce930bcd3221dd649dd21ff91.jpg 1136w, https:\/\/www.leben-atmen.com\/wp-content\/blogs.dir\/10\/files\/2017\/07\/3c8af20ce930bcd3221dd649dd21ff91-300x225.jpg 300w, https:\/\/www.leben-atmen.com\/wp-content\/blogs.dir\/10\/files\/2017\/07\/3c8af20ce930bcd3221dd649dd21ff91-768x576.jpg 768w, https:\/\/www.leben-atmen.com\/wp-content\/blogs.dir\/10\/files\/2017\/07\/3c8af20ce930bcd3221dd649dd21ff91-1024x768.jpg 1024w, https:\/\/www.leben-atmen.com\/wp-content\/blogs.dir\/10\/files\/2017\/07\/3c8af20ce930bcd3221dd649dd21ff91-400x300.jpg 400w\" sizes=\"auto, (max-width: 1136px) 100vw, 1136px\" \/><\/a><\/p>\n","protected":false},"excerpt":{"rendered":"<p>Hier sind die Berge noch etwas h\u00f6her als wir sie in Umbrien oder auch in der Toskana gesehen haben. Die Umgebung wirkt noch ein St\u00fcck rauer. Viele H\u00e4user sind hier verlassen. Zudem h\u00e4ngen dicke dunkle Wolken \u00fcber den Bergen. Wir &hellip; <a href=\"https:\/\/www.leben-atmen.com\/sueditalien\/2017\/07\/24\/wir-sind-in-den-abruzzen\/\">Weiterlesen <span class=\"meta-nav\">&rarr;<\/span><\/a><\/p>\n","protected":false},"author":3,"featured_media":0,"comment_status":"open","ping_status":"open","sticky":false,"template":"","format":"standard","meta":{"_jetpack_memberships_contains_paid_content":false,"footnotes":""},"categories":[1],"tags":[],"class_list":["post-698","post","type-post","status-publish","format-standard","hentry","category-allgemein"],"jetpack_featured_media_url":"","jetpack_sharing_enabled":true,"_links":{"self":[{"href":"https:\/\/www.leben-atmen.com\/sueditalien\/wp-json\/wp\/v2\/posts\/698","targetHints":{"allow":["GET"]}}],"collection":[{"href":"https:\/\/www.leben-atmen.com\/sueditalien\/wp-json\/wp\/v2\/posts"}],"about":[{"href":"https:\/\/www.leben-atmen.com\/sueditalien\/wp-json\/wp\/v2\/types\/post"}],"author":[{"embeddable":true,"href":"https:\/\/www.leben-atmen.com\/sueditalien\/wp-json\/wp\/v2\/users\/3"}],"replies":[{"embeddable":true,"href":"https:\/\/www.leben-atmen.com\/sueditalien\/wp-json\/wp\/v2\/comments?post=698"}],"version-history":[{"count":1,"href":"https:\/\/www.leben-atmen.com\/sueditalien\/wp-json\/wp\/v2\/posts\/698\/revisions"}],"predecessor-version":[{"id":699,"href":"https:\/\/www.leben-atmen.com\/sueditalien\/wp-json\/wp\/v2\/posts\/698\/revisions\/699"}],"wp:attachment":[{"href":"https:\/\/www.leben-atmen.com\/sueditalien\/wp-json\/wp\/v2\/media?parent=698"}],"wp:term":[{"taxonomy":"category","embeddable":true,"href":"https:\/\/www.leben-atmen.com\/sueditalien\/wp-json\/wp\/v2\/categories?post=698"},{"taxonomy":"post_tag","embeddable":true,"href":"https:\/\/www.leben-atmen.com\/sueditalien\/wp-json\/wp\/v2\/tags?post=698"}],"curies":[{"name":"wp","href":"https:\/\/api.w.org\/{rel}","templated":true}]}}