{"id":691,"date":"2017-07-24T11:19:37","date_gmt":"2017-07-24T09:19:37","guid":{"rendered":"https:\/\/www.leben-atmen.com\/sueditalien\/?p=691"},"modified":"2017-07-24T11:33:45","modified_gmt":"2017-07-24T09:33:45","slug":"alles-hat-seine-zeit","status":"publish","type":"post","link":"https:\/\/www.leben-atmen.com\/sueditalien\/2017\/07\/24\/alles-hat-seine-zeit\/","title":{"rendered":"Alles hat seine Zeit"},"content":{"rendered":"<p> Herzliche Gr\u00fc\u00dfe  Simone Ochsenk\u00fchn<\/p>\n<div class=\"postie-attachments\"><a href=\"https:\/\/www.leben-atmen.com\/wp-content\/blogs.dir\/10\/files\/2017\/07\/c8cf6af2273988e13146babee8c9b8cc.m4a\">ef7e170367bd697394bfa597c06229fd.m4a<\/a><br \/><a href=''>2105fe3490f54f53b5e3fd08e281ed43<\/a>\n<\/div>\n","protected":false},"excerpt":{"rendered":"<p>Herzliche Gr\u00fc\u00dfe Simone Ochsenk\u00fchn ef7e170367bd697394bfa597c06229fd.m4a2105fe3490f54f53b5e3fd08e281ed43<\/p>\n","protected":false},"author":2,"featured_media":0,"comment_status":"open","ping_status":"open","sticky":false,"template":"","format":"standard","meta":{"_jetpack_memberships_contains_paid_content":false,"footnotes":""},"categories":[1],"tags":[],"class_list":["post-691","post","type-post","status-publish","format-standard","hentry","category-allgemein"],"jetpack_featured_media_url":"","jetpack_sharing_enabled":true,"_links":{"self":[{"href":"https:\/\/www.leben-atmen.com\/sueditalien\/wp-json\/wp\/v2\/posts\/691","targetHints":{"allow":["GET"]}}],"collection":[{"href":"https:\/\/www.leben-atmen.com\/sueditalien\/wp-json\/wp\/v2\/posts"}],"about":[{"href":"https:\/\/www.leben-atmen.com\/sueditalien\/wp-json\/wp\/v2\/types\/post"}],"author":[{"embeddable":true,"href":"https:\/\/www.leben-atmen.com\/sueditalien\/wp-json\/wp\/v2\/users\/2"}],"replies":[{"embeddable":true,"href":"https:\/\/www.leben-atmen.com\/sueditalien\/wp-json\/wp\/v2\/comments?post=691"}],"version-history":[{"count":0,"href":"https:\/\/www.leben-atmen.com\/sueditalien\/wp-json\/wp\/v2\/posts\/691\/revisions"}],"wp:attachment":[{"href":"https:\/\/www.leben-atmen.com\/sueditalien\/wp-json\/wp\/v2\/media?parent=691"}],"wp:term":[{"taxonomy":"category","embeddable":true,"href":"https:\/\/www.leben-atmen.com\/sueditalien\/wp-json\/wp\/v2\/categories?post=691"},{"taxonomy":"post_tag","embeddable":true,"href":"https:\/\/www.leben-atmen.com\/sueditalien\/wp-json\/wp\/v2\/tags?post=691"}],"curies":[{"name":"wp","href":"https:\/\/api.w.org\/{rel}","templated":true}]}}