{"id":682,"date":"2017-07-23T18:42:46","date_gmt":"2017-07-23T16:42:46","guid":{"rendered":"https:\/\/www.leben-atmen.com\/sueditalien\/?p=682"},"modified":"2017-07-23T18:51:51","modified_gmt":"2017-07-23T16:51:51","slug":"ankunft-in-poggio-bustone","status":"publish","type":"post","link":"https:\/\/www.leben-atmen.com\/sueditalien\/2017\/07\/23\/ankunft-in-poggio-bustone\/","title":{"rendered":"Ankunft in Poggio Bustone"},"content":{"rendered":"<p>Wir schauen hinein in das wundersch\u00f6ne Roetital. Und wir sind total am Ende. Heute war der bislang hei\u00dfeste Tag unserer Radreise und wohl auch in Italien. Au\u00dfer uns beiden war wirklich niemand auf der Stra\u00dfe unterwegs. Weder mit dem Motorrad, noch mit dem Auto, noch mit dem Fahrrad. Nur wir zwei Idioten strampeln in Umbrien umher.<\/p>\n<p><a href=\"https:\/\/www.leben-atmen.com\/wp-content\/blogs.dir\/10\/files\/2017\/07\/ace7df67d11c0fb7174ce9d9afcf9cb0.jpg\" data-rel=\"lightbox-image-0\" data-rl_title=\"\" data-rl_caption=\"\" title=\"\"><img loading=\"lazy\" decoding=\"async\" class=\"alignnone size-full wp-image-681\" src=\"https:\/\/www.leben-atmen.com\/wp-content\/blogs.dir\/10\/files\/2017\/07\/ace7df67d11c0fb7174ce9d9afcf9cb0.jpg\" alt=\"\" width=\"1136\" height=\"852\" srcset=\"https:\/\/www.leben-atmen.com\/wp-content\/blogs.dir\/10\/files\/2017\/07\/ace7df67d11c0fb7174ce9d9afcf9cb0.jpg 1136w, https:\/\/www.leben-atmen.com\/wp-content\/blogs.dir\/10\/files\/2017\/07\/ace7df67d11c0fb7174ce9d9afcf9cb0-300x225.jpg 300w, https:\/\/www.leben-atmen.com\/wp-content\/blogs.dir\/10\/files\/2017\/07\/ace7df67d11c0fb7174ce9d9afcf9cb0-768x576.jpg 768w, https:\/\/www.leben-atmen.com\/wp-content\/blogs.dir\/10\/files\/2017\/07\/ace7df67d11c0fb7174ce9d9afcf9cb0-1024x768.jpg 1024w, https:\/\/www.leben-atmen.com\/wp-content\/blogs.dir\/10\/files\/2017\/07\/ace7df67d11c0fb7174ce9d9afcf9cb0-400x300.jpg 400w\" sizes=\"auto, (max-width: 1136px) 100vw, 1136px\" \/><\/a><\/p>\n","protected":false},"excerpt":{"rendered":"<p>Wir schauen hinein in das wundersch\u00f6ne Roetital. Und wir sind total am Ende. Heute war der bislang hei\u00dfeste Tag unserer Radreise und wohl auch in Italien. Au\u00dfer uns beiden war wirklich niemand auf der Stra\u00dfe unterwegs. Weder mit dem Motorrad, &hellip; <a href=\"https:\/\/www.leben-atmen.com\/sueditalien\/2017\/07\/23\/ankunft-in-poggio-bustone\/\">Weiterlesen <span class=\"meta-nav\">&rarr;<\/span><\/a><\/p>\n","protected":false},"author":3,"featured_media":0,"comment_status":"open","ping_status":"open","sticky":false,"template":"","format":"standard","meta":{"_jetpack_memberships_contains_paid_content":false,"footnotes":""},"categories":[1],"tags":[],"class_list":["post-682","post","type-post","status-publish","format-standard","hentry","category-allgemein"],"jetpack_featured_media_url":"","jetpack_sharing_enabled":true,"_links":{"self":[{"href":"https:\/\/www.leben-atmen.com\/sueditalien\/wp-json\/wp\/v2\/posts\/682","targetHints":{"allow":["GET"]}}],"collection":[{"href":"https:\/\/www.leben-atmen.com\/sueditalien\/wp-json\/wp\/v2\/posts"}],"about":[{"href":"https:\/\/www.leben-atmen.com\/sueditalien\/wp-json\/wp\/v2\/types\/post"}],"author":[{"embeddable":true,"href":"https:\/\/www.leben-atmen.com\/sueditalien\/wp-json\/wp\/v2\/users\/3"}],"replies":[{"embeddable":true,"href":"https:\/\/www.leben-atmen.com\/sueditalien\/wp-json\/wp\/v2\/comments?post=682"}],"version-history":[{"count":2,"href":"https:\/\/www.leben-atmen.com\/sueditalien\/wp-json\/wp\/v2\/posts\/682\/revisions"}],"predecessor-version":[{"id":683,"href":"https:\/\/www.leben-atmen.com\/sueditalien\/wp-json\/wp\/v2\/posts\/682\/revisions\/683"}],"wp:attachment":[{"href":"https:\/\/www.leben-atmen.com\/sueditalien\/wp-json\/wp\/v2\/media?parent=682"}],"wp:term":[{"taxonomy":"category","embeddable":true,"href":"https:\/\/www.leben-atmen.com\/sueditalien\/wp-json\/wp\/v2\/categories?post=682"},{"taxonomy":"post_tag","embeddable":true,"href":"https:\/\/www.leben-atmen.com\/sueditalien\/wp-json\/wp\/v2\/tags?post=682"}],"curies":[{"name":"wp","href":"https:\/\/api.w.org\/{rel}","templated":true}]}}