{"id":648,"date":"2017-07-22T16:41:21","date_gmt":"2017-07-22T14:41:21","guid":{"rendered":"https:\/\/www.leben-atmen.com\/sueditalien\/?p=648"},"modified":"2017-07-22T16:41:21","modified_gmt":"2017-07-22T14:41:21","slug":"spoleto-zu-besuch-bei-freunden","status":"publish","type":"post","link":"https:\/\/www.leben-atmen.com\/sueditalien\/2017\/07\/22\/spoleto-zu-besuch-bei-freunden\/","title":{"rendered":"Spoleto: zu Besuch bei Freunden"},"content":{"rendered":"<p>Leider haben wir heute nur wenig Zeit, weil wir noch \u00fcber das Kloster Monteluco nach Patrico radeln wollen. Dennoch ist der Empfang herzlich und wir tauschen viele &nbsp;Erlebnisse aus.&nbsp;<\/p>\n<p>F\u00fcr uns ist es sch\u00f6n zu h\u00f6ren, dass viele deutschsprachige Pilger hierher kommen. &nbsp;Nachdem in unserem Pilgerf\u00fchrer die GPS Daten kostenlos dabei sind, verirren sich die Pilger nie.<\/p>\n<p><a href=\"https:\/\/www.leben-atmen.com\/wp-content\/blogs.dir\/10\/files\/2017\/07\/ae03afe90070b9396980bc0a5ff26793.jpg\" data-rel=\"lightbox-image-0\" data-rl_title=\"\" data-rl_caption=\"\" title=\"\"><img loading=\"lazy\" decoding=\"async\" src=\"https:\/\/www.leben-atmen.com\/wp-content\/blogs.dir\/10\/files\/2017\/07\/ae03afe90070b9396980bc0a5ff26793.jpg\" alt=\"\" width=\"852\" height=\"1136\" class=\"alignnone size-full wp-image-645\" srcset=\"https:\/\/www.leben-atmen.com\/wp-content\/blogs.dir\/10\/files\/2017\/07\/ae03afe90070b9396980bc0a5ff26793.jpg 852w, https:\/\/www.leben-atmen.com\/wp-content\/blogs.dir\/10\/files\/2017\/07\/ae03afe90070b9396980bc0a5ff26793-225x300.jpg 225w, https:\/\/www.leben-atmen.com\/wp-content\/blogs.dir\/10\/files\/2017\/07\/ae03afe90070b9396980bc0a5ff26793-768x1024.jpg 768w\" sizes=\"auto, (max-width: 852px) 100vw, 852px\" \/><\/a><a href=\"https:\/\/www.leben-atmen.com\/wp-content\/blogs.dir\/10\/files\/2017\/07\/568ef4c67bf18114cf543ad1e21e3d55.jpg\" data-rel=\"lightbox-image-1\" data-rl_title=\"\" data-rl_caption=\"\" title=\"\"><img loading=\"lazy\" decoding=\"async\" src=\"https:\/\/www.leben-atmen.com\/wp-content\/blogs.dir\/10\/files\/2017\/07\/568ef4c67bf18114cf543ad1e21e3d55.jpg\" alt=\"\" width=\"974\" height=\"1300\" class=\"alignnone size-full wp-image-647\" srcset=\"https:\/\/www.leben-atmen.com\/wp-content\/blogs.dir\/10\/files\/2017\/07\/568ef4c67bf18114cf543ad1e21e3d55.jpg 974w, https:\/\/www.leben-atmen.com\/wp-content\/blogs.dir\/10\/files\/2017\/07\/568ef4c67bf18114cf543ad1e21e3d55-225x300.jpg 225w, https:\/\/www.leben-atmen.com\/wp-content\/blogs.dir\/10\/files\/2017\/07\/568ef4c67bf18114cf543ad1e21e3d55-768x1025.jpg 768w, https:\/\/www.leben-atmen.com\/wp-content\/blogs.dir\/10\/files\/2017\/07\/568ef4c67bf18114cf543ad1e21e3d55-767x1024.jpg 767w\" sizes=\"auto, (max-width: 974px) 100vw, 974px\" \/><\/a><a href=\"https:\/\/www.leben-atmen.com\/wp-content\/blogs.dir\/10\/files\/2017\/07\/f5ff882c53334b9ec65bd6cbea82aaaf.jpg\" data-rel=\"lightbox-image-2\" data-rl_title=\"\" data-rl_caption=\"\" title=\"\"><img loading=\"lazy\" decoding=\"async\" src=\"https:\/\/www.leben-atmen.com\/wp-content\/blogs.dir\/10\/files\/2017\/07\/f5ff882c53334b9ec65bd6cbea82aaaf.jpg\" alt=\"\" width=\"1300\" height=\"974\" class=\"alignnone size-full wp-image-646\" srcset=\"https:\/\/www.leben-atmen.com\/wp-content\/blogs.dir\/10\/files\/2017\/07\/f5ff882c53334b9ec65bd6cbea82aaaf.jpg 1300w, https:\/\/www.leben-atmen.com\/wp-content\/blogs.dir\/10\/files\/2017\/07\/f5ff882c53334b9ec65bd6cbea82aaaf-300x225.jpg 300w, https:\/\/www.leben-atmen.com\/wp-content\/blogs.dir\/10\/files\/2017\/07\/f5ff882c53334b9ec65bd6cbea82aaaf-768x575.jpg 768w, https:\/\/www.leben-atmen.com\/wp-content\/blogs.dir\/10\/files\/2017\/07\/f5ff882c53334b9ec65bd6cbea82aaaf-1024x767.jpg 1024w, https:\/\/www.leben-atmen.com\/wp-content\/blogs.dir\/10\/files\/2017\/07\/f5ff882c53334b9ec65bd6cbea82aaaf-400x300.jpg 400w\" sizes=\"auto, (max-width: 1300px) 100vw, 1300px\" \/><\/a><\/p>\n","protected":false},"excerpt":{"rendered":"<p>Leider haben wir heute nur wenig Zeit, weil wir noch \u00fcber das Kloster Monteluco nach Patrico radeln wollen. Dennoch ist der Empfang herzlich und wir tauschen viele &nbsp;Erlebnisse aus.&nbsp; F\u00fcr uns ist es sch\u00f6n zu h\u00f6ren, dass viele deutschsprachige Pilger &hellip; <a href=\"https:\/\/www.leben-atmen.com\/sueditalien\/2017\/07\/22\/spoleto-zu-besuch-bei-freunden\/\">Weiterlesen <span class=\"meta-nav\">&rarr;<\/span><\/a><\/p>\n","protected":false},"author":3,"featured_media":0,"comment_status":"open","ping_status":"open","sticky":false,"template":"","format":"standard","meta":{"_jetpack_memberships_contains_paid_content":false,"footnotes":""},"categories":[1],"tags":[],"class_list":["post-648","post","type-post","status-publish","format-standard","hentry","category-allgemein"],"jetpack_featured_media_url":"","jetpack_sharing_enabled":true,"_links":{"self":[{"href":"https:\/\/www.leben-atmen.com\/sueditalien\/wp-json\/wp\/v2\/posts\/648","targetHints":{"allow":["GET"]}}],"collection":[{"href":"https:\/\/www.leben-atmen.com\/sueditalien\/wp-json\/wp\/v2\/posts"}],"about":[{"href":"https:\/\/www.leben-atmen.com\/sueditalien\/wp-json\/wp\/v2\/types\/post"}],"author":[{"embeddable":true,"href":"https:\/\/www.leben-atmen.com\/sueditalien\/wp-json\/wp\/v2\/users\/3"}],"replies":[{"embeddable":true,"href":"https:\/\/www.leben-atmen.com\/sueditalien\/wp-json\/wp\/v2\/comments?post=648"}],"version-history":[{"count":1,"href":"https:\/\/www.leben-atmen.com\/sueditalien\/wp-json\/wp\/v2\/posts\/648\/revisions"}],"predecessor-version":[{"id":649,"href":"https:\/\/www.leben-atmen.com\/sueditalien\/wp-json\/wp\/v2\/posts\/648\/revisions\/649"}],"wp:attachment":[{"href":"https:\/\/www.leben-atmen.com\/sueditalien\/wp-json\/wp\/v2\/media?parent=648"}],"wp:term":[{"taxonomy":"category","embeddable":true,"href":"https:\/\/www.leben-atmen.com\/sueditalien\/wp-json\/wp\/v2\/categories?post=648"},{"taxonomy":"post_tag","embeddable":true,"href":"https:\/\/www.leben-atmen.com\/sueditalien\/wp-json\/wp\/v2\/tags?post=648"}],"curies":[{"name":"wp","href":"https:\/\/api.w.org\/{rel}","templated":true}]}}