{"id":566,"date":"2017-07-20T15:01:25","date_gmt":"2017-07-20T13:01:25","guid":{"rendered":"https:\/\/www.leben-atmen.com\/sueditalien\/?p=566"},"modified":"2017-07-20T15:01:25","modified_gmt":"2017-07-20T13:01:25","slug":"wir-erreichen-assisi","status":"publish","type":"post","link":"https:\/\/www.leben-atmen.com\/sueditalien\/2017\/07\/20\/wir-erreichen-assisi\/","title":{"rendered":"Wir erreichen Assisi"},"content":{"rendered":"<p>Nach einem erneut sehr kr\u00e4ftezehrenden Aufstieg erreichen wir eines der Stadttore von Assisi.<\/p>\n<p>Es hat 36\u00b0 im Schatten und wir mussten einen schattenlosen Aufstieg bew\u00e4ltigen. Wir hatten st\u00e4ndig das Gef\u00fchl, uns komplett zu verfl\u00fcssigen.<\/p>\n<p><a href=\"https:\/\/www.leben-atmen.com\/wp-content\/blogs.dir\/10\/files\/2017\/07\/d4c396c4245a58e5e18d73036cf81e59.jpg\" data-rel=\"lightbox-image-0\" data-rl_title=\"\" data-rl_caption=\"\" title=\"\"><img loading=\"lazy\" decoding=\"async\" src=\"https:\/\/www.leben-atmen.com\/wp-content\/blogs.dir\/10\/files\/2017\/07\/d4c396c4245a58e5e18d73036cf81e59.jpg\" alt=\"\" width=\"1136\" height=\"852\" class=\"alignnone size-full wp-image-564\" srcset=\"https:\/\/www.leben-atmen.com\/wp-content\/blogs.dir\/10\/files\/2017\/07\/d4c396c4245a58e5e18d73036cf81e59.jpg 1136w, https:\/\/www.leben-atmen.com\/wp-content\/blogs.dir\/10\/files\/2017\/07\/d4c396c4245a58e5e18d73036cf81e59-300x225.jpg 300w, https:\/\/www.leben-atmen.com\/wp-content\/blogs.dir\/10\/files\/2017\/07\/d4c396c4245a58e5e18d73036cf81e59-768x576.jpg 768w, https:\/\/www.leben-atmen.com\/wp-content\/blogs.dir\/10\/files\/2017\/07\/d4c396c4245a58e5e18d73036cf81e59-1024x768.jpg 1024w, https:\/\/www.leben-atmen.com\/wp-content\/blogs.dir\/10\/files\/2017\/07\/d4c396c4245a58e5e18d73036cf81e59-400x300.jpg 400w\" sizes=\"auto, (max-width: 1136px) 100vw, 1136px\" \/><\/a><a href=\"https:\/\/www.leben-atmen.com\/wp-content\/blogs.dir\/10\/files\/2017\/07\/af9901c13ee1128136a38fa3b256b0e6.jpg\" data-rel=\"lightbox-image-1\" data-rl_title=\"\" data-rl_caption=\"\" title=\"\"><img loading=\"lazy\" decoding=\"async\" src=\"https:\/\/www.leben-atmen.com\/wp-content\/blogs.dir\/10\/files\/2017\/07\/af9901c13ee1128136a38fa3b256b0e6.jpg\" alt=\"\" width=\"974\" height=\"1300\" class=\"alignnone size-full wp-image-565\" srcset=\"https:\/\/www.leben-atmen.com\/wp-content\/blogs.dir\/10\/files\/2017\/07\/af9901c13ee1128136a38fa3b256b0e6.jpg 974w, https:\/\/www.leben-atmen.com\/wp-content\/blogs.dir\/10\/files\/2017\/07\/af9901c13ee1128136a38fa3b256b0e6-225x300.jpg 225w, https:\/\/www.leben-atmen.com\/wp-content\/blogs.dir\/10\/files\/2017\/07\/af9901c13ee1128136a38fa3b256b0e6-768x1025.jpg 768w, https:\/\/www.leben-atmen.com\/wp-content\/blogs.dir\/10\/files\/2017\/07\/af9901c13ee1128136a38fa3b256b0e6-767x1024.jpg 767w\" sizes=\"auto, (max-width: 974px) 100vw, 974px\" \/><\/a><\/p>\n","protected":false},"excerpt":{"rendered":"<p>Nach einem erneut sehr kr\u00e4ftezehrenden Aufstieg erreichen wir eines der Stadttore von Assisi. Es hat 36\u00b0 im Schatten und wir mussten einen schattenlosen Aufstieg bew\u00e4ltigen. Wir hatten st\u00e4ndig das Gef\u00fchl, uns komplett zu verfl\u00fcssigen.<\/p>\n","protected":false},"author":3,"featured_media":0,"comment_status":"open","ping_status":"open","sticky":false,"template":"","format":"standard","meta":{"_jetpack_memberships_contains_paid_content":false,"footnotes":""},"categories":[1],"tags":[],"class_list":["post-566","post","type-post","status-publish","format-standard","hentry","category-allgemein"],"jetpack_featured_media_url":"","jetpack_sharing_enabled":true,"_links":{"self":[{"href":"https:\/\/www.leben-atmen.com\/sueditalien\/wp-json\/wp\/v2\/posts\/566","targetHints":{"allow":["GET"]}}],"collection":[{"href":"https:\/\/www.leben-atmen.com\/sueditalien\/wp-json\/wp\/v2\/posts"}],"about":[{"href":"https:\/\/www.leben-atmen.com\/sueditalien\/wp-json\/wp\/v2\/types\/post"}],"author":[{"embeddable":true,"href":"https:\/\/www.leben-atmen.com\/sueditalien\/wp-json\/wp\/v2\/users\/3"}],"replies":[{"embeddable":true,"href":"https:\/\/www.leben-atmen.com\/sueditalien\/wp-json\/wp\/v2\/comments?post=566"}],"version-history":[{"count":1,"href":"https:\/\/www.leben-atmen.com\/sueditalien\/wp-json\/wp\/v2\/posts\/566\/revisions"}],"predecessor-version":[{"id":567,"href":"https:\/\/www.leben-atmen.com\/sueditalien\/wp-json\/wp\/v2\/posts\/566\/revisions\/567"}],"wp:attachment":[{"href":"https:\/\/www.leben-atmen.com\/sueditalien\/wp-json\/wp\/v2\/media?parent=566"}],"wp:term":[{"taxonomy":"category","embeddable":true,"href":"https:\/\/www.leben-atmen.com\/sueditalien\/wp-json\/wp\/v2\/categories?post=566"},{"taxonomy":"post_tag","embeddable":true,"href":"https:\/\/www.leben-atmen.com\/sueditalien\/wp-json\/wp\/v2\/tags?post=566"}],"curies":[{"name":"wp","href":"https:\/\/api.w.org\/{rel}","templated":true}]}}