{"id":523,"date":"2017-07-18T13:14:21","date_gmt":"2017-07-18T11:14:21","guid":{"rendered":"https:\/\/www.leben-atmen.com\/sueditalien\/?p=523"},"modified":"2017-07-18T13:14:21","modified_gmt":"2017-07-18T11:14:21","slug":"sansepolcro","status":"publish","type":"post","link":"https:\/\/www.leben-atmen.com\/sueditalien\/2017\/07\/18\/sansepolcro\/","title":{"rendered":"Sansepolcro"},"content":{"rendered":"<p>Auf dem Weg nach Sansepolcro treffen wir zwei Pilger. Die beiden sind aus \u00d6sterreich und verwenden unseren Pilgerf\u00fchrer. Nat\u00fcrlich haben wir ein kurzes lebhaftes Gespr\u00e4ch. Das freut uns zudem sehr, dass die beiden mit unserem Buch die Pilgerreise machen.<\/p>\n<p>Wenige Kilometer sp\u00e4ter erreichen wir dann die wundersch\u00f6ne Altstadt von Sansepolcro. Hier verlassen wir \u00fcbrigens dann auch die Toskana, um nach Umbrien hinein zu radeln.<br \/>\n<a href=\"https:\/\/www.leben-atmen.com\/wp-content\/blogs.dir\/10\/files\/2017\/07\/16695227c32c26b11623cfd7958b0693.jpg\" data-rel=\"lightbox-image-0\" data-rl_title=\"\" data-rl_caption=\"\" title=\"\"><img loading=\"lazy\" decoding=\"async\" src=\"https:\/\/www.leben-atmen.com\/wp-content\/blogs.dir\/10\/files\/2017\/07\/16695227c32c26b11623cfd7958b0693.jpg\" alt=\"\" width=\"852\" height=\"1136\" class=\"alignnone size-full wp-image-519\" srcset=\"https:\/\/www.leben-atmen.com\/wp-content\/blogs.dir\/10\/files\/2017\/07\/16695227c32c26b11623cfd7958b0693.jpg 852w, https:\/\/www.leben-atmen.com\/wp-content\/blogs.dir\/10\/files\/2017\/07\/16695227c32c26b11623cfd7958b0693-225x300.jpg 225w, https:\/\/www.leben-atmen.com\/wp-content\/blogs.dir\/10\/files\/2017\/07\/16695227c32c26b11623cfd7958b0693-768x1024.jpg 768w\" sizes=\"auto, (max-width: 852px) 100vw, 852px\" \/><\/a><a href=\"https:\/\/www.leben-atmen.com\/wp-content\/blogs.dir\/10\/files\/2017\/07\/71e6b0e1c3a5f44ac0760311281760cd.jpg\" data-rel=\"lightbox-image-1\" data-rl_title=\"\" data-rl_caption=\"\" title=\"\"><img loading=\"lazy\" decoding=\"async\" src=\"https:\/\/www.leben-atmen.com\/wp-content\/blogs.dir\/10\/files\/2017\/07\/71e6b0e1c3a5f44ac0760311281760cd.jpg\" alt=\"\" width=\"1136\" height=\"852\" class=\"alignnone size-full wp-image-520\" srcset=\"https:\/\/www.leben-atmen.com\/wp-content\/blogs.dir\/10\/files\/2017\/07\/71e6b0e1c3a5f44ac0760311281760cd.jpg 1136w, https:\/\/www.leben-atmen.com\/wp-content\/blogs.dir\/10\/files\/2017\/07\/71e6b0e1c3a5f44ac0760311281760cd-300x225.jpg 300w, https:\/\/www.leben-atmen.com\/wp-content\/blogs.dir\/10\/files\/2017\/07\/71e6b0e1c3a5f44ac0760311281760cd-768x576.jpg 768w, https:\/\/www.leben-atmen.com\/wp-content\/blogs.dir\/10\/files\/2017\/07\/71e6b0e1c3a5f44ac0760311281760cd-1024x768.jpg 1024w, https:\/\/www.leben-atmen.com\/wp-content\/blogs.dir\/10\/files\/2017\/07\/71e6b0e1c3a5f44ac0760311281760cd-400x300.jpg 400w\" sizes=\"auto, (max-width: 1136px) 100vw, 1136px\" \/><\/a><a href=\"https:\/\/www.leben-atmen.com\/wp-content\/blogs.dir\/10\/files\/2017\/07\/a2a85e50045b50a19d385f254c0d12b1.jpg\" data-rel=\"lightbox-image-2\" data-rl_title=\"\" data-rl_caption=\"\" title=\"\"><img loading=\"lazy\" decoding=\"async\" src=\"https:\/\/www.leben-atmen.com\/wp-content\/blogs.dir\/10\/files\/2017\/07\/a2a85e50045b50a19d385f254c0d12b1.jpg\" alt=\"\" width=\"1300\" height=\"974\" class=\"alignnone size-full wp-image-522\" srcset=\"https:\/\/www.leben-atmen.com\/wp-content\/blogs.dir\/10\/files\/2017\/07\/a2a85e50045b50a19d385f254c0d12b1.jpg 1300w, https:\/\/www.leben-atmen.com\/wp-content\/blogs.dir\/10\/files\/2017\/07\/a2a85e50045b50a19d385f254c0d12b1-300x225.jpg 300w, https:\/\/www.leben-atmen.com\/wp-content\/blogs.dir\/10\/files\/2017\/07\/a2a85e50045b50a19d385f254c0d12b1-768x575.jpg 768w, https:\/\/www.leben-atmen.com\/wp-content\/blogs.dir\/10\/files\/2017\/07\/a2a85e50045b50a19d385f254c0d12b1-1024x767.jpg 1024w, https:\/\/www.leben-atmen.com\/wp-content\/blogs.dir\/10\/files\/2017\/07\/a2a85e50045b50a19d385f254c0d12b1-400x300.jpg 400w\" sizes=\"auto, (max-width: 1300px) 100vw, 1300px\" \/><\/a><a href=\"https:\/\/www.leben-atmen.com\/wp-content\/blogs.dir\/10\/files\/2017\/07\/0a8191974d47a8baa3f991cf2f8d43c0.jpg\" data-rel=\"lightbox-image-3\" data-rl_title=\"\" data-rl_caption=\"\" title=\"\"><img loading=\"lazy\" decoding=\"async\" src=\"https:\/\/www.leben-atmen.com\/wp-content\/blogs.dir\/10\/files\/2017\/07\/0a8191974d47a8baa3f991cf2f8d43c0.jpg\" alt=\"\" width=\"974\" height=\"1300\" class=\"alignnone size-full wp-image-521\" srcset=\"https:\/\/www.leben-atmen.com\/wp-content\/blogs.dir\/10\/files\/2017\/07\/0a8191974d47a8baa3f991cf2f8d43c0.jpg 974w, https:\/\/www.leben-atmen.com\/wp-content\/blogs.dir\/10\/files\/2017\/07\/0a8191974d47a8baa3f991cf2f8d43c0-225x300.jpg 225w, https:\/\/www.leben-atmen.com\/wp-content\/blogs.dir\/10\/files\/2017\/07\/0a8191974d47a8baa3f991cf2f8d43c0-768x1025.jpg 768w, https:\/\/www.leben-atmen.com\/wp-content\/blogs.dir\/10\/files\/2017\/07\/0a8191974d47a8baa3f991cf2f8d43c0-767x1024.jpg 767w\" sizes=\"auto, (max-width: 974px) 100vw, 974px\" \/><\/a><\/p>\n","protected":false},"excerpt":{"rendered":"<p>Auf dem Weg nach Sansepolcro treffen wir zwei Pilger. Die beiden sind aus \u00d6sterreich und verwenden unseren Pilgerf\u00fchrer. Nat\u00fcrlich haben wir ein kurzes lebhaftes Gespr\u00e4ch. Das freut uns zudem sehr, dass die beiden mit unserem Buch die Pilgerreise machen. Wenige &hellip; <a href=\"https:\/\/www.leben-atmen.com\/sueditalien\/2017\/07\/18\/sansepolcro\/\">Weiterlesen <span class=\"meta-nav\">&rarr;<\/span><\/a><\/p>\n","protected":false},"author":3,"featured_media":0,"comment_status":"open","ping_status":"open","sticky":false,"template":"","format":"standard","meta":{"_jetpack_memberships_contains_paid_content":false,"footnotes":""},"categories":[1],"tags":[],"class_list":["post-523","post","type-post","status-publish","format-standard","hentry","category-allgemein"],"jetpack_featured_media_url":"","jetpack_sharing_enabled":true,"_links":{"self":[{"href":"https:\/\/www.leben-atmen.com\/sueditalien\/wp-json\/wp\/v2\/posts\/523","targetHints":{"allow":["GET"]}}],"collection":[{"href":"https:\/\/www.leben-atmen.com\/sueditalien\/wp-json\/wp\/v2\/posts"}],"about":[{"href":"https:\/\/www.leben-atmen.com\/sueditalien\/wp-json\/wp\/v2\/types\/post"}],"author":[{"embeddable":true,"href":"https:\/\/www.leben-atmen.com\/sueditalien\/wp-json\/wp\/v2\/users\/3"}],"replies":[{"embeddable":true,"href":"https:\/\/www.leben-atmen.com\/sueditalien\/wp-json\/wp\/v2\/comments?post=523"}],"version-history":[{"count":1,"href":"https:\/\/www.leben-atmen.com\/sueditalien\/wp-json\/wp\/v2\/posts\/523\/revisions"}],"predecessor-version":[{"id":524,"href":"https:\/\/www.leben-atmen.com\/sueditalien\/wp-json\/wp\/v2\/posts\/523\/revisions\/524"}],"wp:attachment":[{"href":"https:\/\/www.leben-atmen.com\/sueditalien\/wp-json\/wp\/v2\/media?parent=523"}],"wp:term":[{"taxonomy":"category","embeddable":true,"href":"https:\/\/www.leben-atmen.com\/sueditalien\/wp-json\/wp\/v2\/categories?post=523"},{"taxonomy":"post_tag","embeddable":true,"href":"https:\/\/www.leben-atmen.com\/sueditalien\/wp-json\/wp\/v2\/tags?post=523"}],"curies":[{"name":"wp","href":"https:\/\/api.w.org\/{rel}","templated":true}]}}