{"id":470,"date":"2017-07-17T10:31:13","date_gmt":"2017-07-17T08:31:13","guid":{"rendered":"https:\/\/www.leben-atmen.com\/sueditalien\/?p=470"},"modified":"2017-07-17T10:31:13","modified_gmt":"2017-07-17T08:31:13","slug":"berg-von-la-verna-in-sicht","status":"publish","type":"post","link":"https:\/\/www.leben-atmen.com\/sueditalien\/2017\/07\/17\/berg-von-la-verna-in-sicht\/","title":{"rendered":"Berg von La Verna in Sicht"},"content":{"rendered":"<p>Wir sehen den Gr\u00fcnen und kuriosen H\u00fcgel des heiligen Berges vor uns. Wir d\u00fcrfen noch etwas abw\u00e4rts fahren, und dann geht es 800Hm hinauf!<\/p>\n<p><a href=\"https:\/\/www.leben-atmen.com\/wp-content\/blogs.dir\/10\/files\/2017\/07\/5a5e8dc57350d7e730ed2ec65df568cb.jpg\" data-rel=\"lightbox-image-0\" data-rl_title=\"\" data-rl_caption=\"\" title=\"\"><img loading=\"lazy\" decoding=\"async\" src=\"https:\/\/www.leben-atmen.com\/wp-content\/blogs.dir\/10\/files\/2017\/07\/5a5e8dc57350d7e730ed2ec65df568cb.jpg\" alt=\"\" width=\"900\" height=\"1200\" class=\"alignnone size-full wp-image-469\" srcset=\"https:\/\/www.leben-atmen.com\/wp-content\/blogs.dir\/10\/files\/2017\/07\/5a5e8dc57350d7e730ed2ec65df568cb.jpg 900w, https:\/\/www.leben-atmen.com\/wp-content\/blogs.dir\/10\/files\/2017\/07\/5a5e8dc57350d7e730ed2ec65df568cb-225x300.jpg 225w, https:\/\/www.leben-atmen.com\/wp-content\/blogs.dir\/10\/files\/2017\/07\/5a5e8dc57350d7e730ed2ec65df568cb-768x1024.jpg 768w\" sizes=\"auto, (max-width: 900px) 100vw, 900px\" \/><\/a><a href=\"https:\/\/www.leben-atmen.com\/wp-content\/blogs.dir\/10\/files\/2017\/07\/f2adc05ac5d22d7e109e898568aea2de.jpg\" data-rel=\"lightbox-image-1\" data-rl_title=\"\" data-rl_caption=\"\" title=\"\"><img loading=\"lazy\" decoding=\"async\" src=\"https:\/\/www.leben-atmen.com\/wp-content\/blogs.dir\/10\/files\/2017\/07\/f2adc05ac5d22d7e109e898568aea2de.jpg\" alt=\"\" width=\"1200\" height=\"900\" class=\"alignnone size-full wp-image-468\" srcset=\"https:\/\/www.leben-atmen.com\/wp-content\/blogs.dir\/10\/files\/2017\/07\/f2adc05ac5d22d7e109e898568aea2de.jpg 1200w, https:\/\/www.leben-atmen.com\/wp-content\/blogs.dir\/10\/files\/2017\/07\/f2adc05ac5d22d7e109e898568aea2de-300x225.jpg 300w, https:\/\/www.leben-atmen.com\/wp-content\/blogs.dir\/10\/files\/2017\/07\/f2adc05ac5d22d7e109e898568aea2de-768x576.jpg 768w, https:\/\/www.leben-atmen.com\/wp-content\/blogs.dir\/10\/files\/2017\/07\/f2adc05ac5d22d7e109e898568aea2de-1024x768.jpg 1024w, https:\/\/www.leben-atmen.com\/wp-content\/blogs.dir\/10\/files\/2017\/07\/f2adc05ac5d22d7e109e898568aea2de-400x300.jpg 400w\" sizes=\"auto, (max-width: 1200px) 100vw, 1200px\" \/><\/a><\/p>\n","protected":false},"excerpt":{"rendered":"<p>Wir sehen den Gr\u00fcnen und kuriosen H\u00fcgel des heiligen Berges vor uns. Wir d\u00fcrfen noch etwas abw\u00e4rts fahren, und dann geht es 800Hm hinauf!<\/p>\n","protected":false},"author":2,"featured_media":0,"comment_status":"open","ping_status":"open","sticky":false,"template":"","format":"standard","meta":{"_jetpack_memberships_contains_paid_content":false,"footnotes":""},"categories":[1],"tags":[],"class_list":["post-470","post","type-post","status-publish","format-standard","hentry","category-allgemein"],"jetpack_featured_media_url":"","jetpack_sharing_enabled":true,"_links":{"self":[{"href":"https:\/\/www.leben-atmen.com\/sueditalien\/wp-json\/wp\/v2\/posts\/470","targetHints":{"allow":["GET"]}}],"collection":[{"href":"https:\/\/www.leben-atmen.com\/sueditalien\/wp-json\/wp\/v2\/posts"}],"about":[{"href":"https:\/\/www.leben-atmen.com\/sueditalien\/wp-json\/wp\/v2\/types\/post"}],"author":[{"embeddable":true,"href":"https:\/\/www.leben-atmen.com\/sueditalien\/wp-json\/wp\/v2\/users\/2"}],"replies":[{"embeddable":true,"href":"https:\/\/www.leben-atmen.com\/sueditalien\/wp-json\/wp\/v2\/comments?post=470"}],"version-history":[{"count":1,"href":"https:\/\/www.leben-atmen.com\/sueditalien\/wp-json\/wp\/v2\/posts\/470\/revisions"}],"predecessor-version":[{"id":471,"href":"https:\/\/www.leben-atmen.com\/sueditalien\/wp-json\/wp\/v2\/posts\/470\/revisions\/471"}],"wp:attachment":[{"href":"https:\/\/www.leben-atmen.com\/sueditalien\/wp-json\/wp\/v2\/media?parent=470"}],"wp:term":[{"taxonomy":"category","embeddable":true,"href":"https:\/\/www.leben-atmen.com\/sueditalien\/wp-json\/wp\/v2\/categories?post=470"},{"taxonomy":"post_tag","embeddable":true,"href":"https:\/\/www.leben-atmen.com\/sueditalien\/wp-json\/wp\/v2\/tags?post=470"}],"curies":[{"name":"wp","href":"https:\/\/api.w.org\/{rel}","templated":true}]}}