{"id":465,"date":"2017-07-16T17:05:26","date_gmt":"2017-07-16T15:05:26","guid":{"rendered":"https:\/\/www.leben-atmen.com\/sueditalien\/?p=465"},"modified":"2017-07-16T17:05:26","modified_gmt":"2017-07-16T15:05:26","slug":"bergradeln-in-italien","status":"publish","type":"post","link":"https:\/\/www.leben-atmen.com\/sueditalien\/2017\/07\/16\/bergradeln-in-italien\/","title":{"rendered":"Bergradeln in Italien"},"content":{"rendered":"<p>Wer also glaubt, nur in den Alpen Berge radeln zu m\u00fcssen, der t\u00e4uscht sich doch sehr.<\/p>\n<p>Wir sind in den vergangenen drei Tagen an jedem Tag deutlich \u00fcber 1000 H\u00f6henmeter bergaufw\u00e4rts gefahren.<\/p>\n<p>Wie es aussieht, haben wir auch morgen noch mal eine anstrengende Bergetappe vor uns.<\/p>\n<p>Hier anbei die drei H\u00f6henprofile der vergangenen Tage. Wer die App benutzt, kann diese selbst einsehen.<\/p>\n<p><a href=\"https:\/\/www.leben-atmen.com\/wp-content\/blogs.dir\/10\/files\/2017\/07\/fc6a3f2d55fc90603d121a61c25de9fb.jpg\" data-rel=\"lightbox-image-0\" data-rl_title=\"\" data-rl_caption=\"\" title=\"\"><img loading=\"lazy\" decoding=\"async\" src=\"https:\/\/www.leben-atmen.com\/wp-content\/blogs.dir\/10\/files\/2017\/07\/fc6a3f2d55fc90603d121a61c25de9fb.jpg\" alt=\"\" width=\"640\" height=\"1136\" class=\"alignnone size-full wp-image-462\" srcset=\"https:\/\/www.leben-atmen.com\/wp-content\/blogs.dir\/10\/files\/2017\/07\/fc6a3f2d55fc90603d121a61c25de9fb.jpg 640w, https:\/\/www.leben-atmen.com\/wp-content\/blogs.dir\/10\/files\/2017\/07\/fc6a3f2d55fc90603d121a61c25de9fb-169x300.jpg 169w, https:\/\/www.leben-atmen.com\/wp-content\/blogs.dir\/10\/files\/2017\/07\/fc6a3f2d55fc90603d121a61c25de9fb-577x1024.jpg 577w\" sizes=\"auto, (max-width: 640px) 100vw, 640px\" \/><\/a><a href=\"https:\/\/www.leben-atmen.com\/wp-content\/blogs.dir\/10\/files\/2017\/07\/89b409e0d0041470a2557607f1b65092.jpg\" data-rel=\"lightbox-image-1\" data-rl_title=\"\" data-rl_caption=\"\" title=\"\"><img loading=\"lazy\" decoding=\"async\" src=\"https:\/\/www.leben-atmen.com\/wp-content\/blogs.dir\/10\/files\/2017\/07\/89b409e0d0041470a2557607f1b65092.jpg\" alt=\"\" width=\"640\" height=\"1136\" class=\"alignnone size-full wp-image-463\" srcset=\"https:\/\/www.leben-atmen.com\/wp-content\/blogs.dir\/10\/files\/2017\/07\/89b409e0d0041470a2557607f1b65092.jpg 640w, https:\/\/www.leben-atmen.com\/wp-content\/blogs.dir\/10\/files\/2017\/07\/89b409e0d0041470a2557607f1b65092-169x300.jpg 169w, https:\/\/www.leben-atmen.com\/wp-content\/blogs.dir\/10\/files\/2017\/07\/89b409e0d0041470a2557607f1b65092-577x1024.jpg 577w\" sizes=\"auto, (max-width: 640px) 100vw, 640px\" \/><\/a><a href=\"https:\/\/www.leben-atmen.com\/wp-content\/blogs.dir\/10\/files\/2017\/07\/79d8ecd9ed347cc2c18240945e296245.jpg\" data-rel=\"lightbox-image-2\" data-rl_title=\"\" data-rl_caption=\"\" title=\"\"><img loading=\"lazy\" decoding=\"async\" src=\"https:\/\/www.leben-atmen.com\/wp-content\/blogs.dir\/10\/files\/2017\/07\/79d8ecd9ed347cc2c18240945e296245.jpg\" alt=\"\" width=\"640\" height=\"1136\" class=\"alignnone size-full wp-image-464\" srcset=\"https:\/\/www.leben-atmen.com\/wp-content\/blogs.dir\/10\/files\/2017\/07\/79d8ecd9ed347cc2c18240945e296245.jpg 640w, https:\/\/www.leben-atmen.com\/wp-content\/blogs.dir\/10\/files\/2017\/07\/79d8ecd9ed347cc2c18240945e296245-169x300.jpg 169w, https:\/\/www.leben-atmen.com\/wp-content\/blogs.dir\/10\/files\/2017\/07\/79d8ecd9ed347cc2c18240945e296245-577x1024.jpg 577w\" sizes=\"auto, (max-width: 640px) 100vw, 640px\" \/><\/a><\/p>\n","protected":false},"excerpt":{"rendered":"<p>Wer also glaubt, nur in den Alpen Berge radeln zu m\u00fcssen, der t\u00e4uscht sich doch sehr. Wir sind in den vergangenen drei Tagen an jedem Tag deutlich \u00fcber 1000 H\u00f6henmeter bergaufw\u00e4rts gefahren. Wie es aussieht, haben wir auch morgen noch &hellip; <a href=\"https:\/\/www.leben-atmen.com\/sueditalien\/2017\/07\/16\/bergradeln-in-italien\/\">Weiterlesen <span class=\"meta-nav\">&rarr;<\/span><\/a><\/p>\n","protected":false},"author":3,"featured_media":0,"comment_status":"open","ping_status":"open","sticky":false,"template":"","format":"standard","meta":{"_jetpack_memberships_contains_paid_content":false,"footnotes":""},"categories":[1],"tags":[],"class_list":["post-465","post","type-post","status-publish","format-standard","hentry","category-allgemein"],"jetpack_featured_media_url":"","jetpack_sharing_enabled":true,"_links":{"self":[{"href":"https:\/\/www.leben-atmen.com\/sueditalien\/wp-json\/wp\/v2\/posts\/465","targetHints":{"allow":["GET"]}}],"collection":[{"href":"https:\/\/www.leben-atmen.com\/sueditalien\/wp-json\/wp\/v2\/posts"}],"about":[{"href":"https:\/\/www.leben-atmen.com\/sueditalien\/wp-json\/wp\/v2\/types\/post"}],"author":[{"embeddable":true,"href":"https:\/\/www.leben-atmen.com\/sueditalien\/wp-json\/wp\/v2\/users\/3"}],"replies":[{"embeddable":true,"href":"https:\/\/www.leben-atmen.com\/sueditalien\/wp-json\/wp\/v2\/comments?post=465"}],"version-history":[{"count":1,"href":"https:\/\/www.leben-atmen.com\/sueditalien\/wp-json\/wp\/v2\/posts\/465\/revisions"}],"predecessor-version":[{"id":466,"href":"https:\/\/www.leben-atmen.com\/sueditalien\/wp-json\/wp\/v2\/posts\/465\/revisions\/466"}],"wp:attachment":[{"href":"https:\/\/www.leben-atmen.com\/sueditalien\/wp-json\/wp\/v2\/media?parent=465"}],"wp:term":[{"taxonomy":"category","embeddable":true,"href":"https:\/\/www.leben-atmen.com\/sueditalien\/wp-json\/wp\/v2\/categories?post=465"},{"taxonomy":"post_tag","embeddable":true,"href":"https:\/\/www.leben-atmen.com\/sueditalien\/wp-json\/wp\/v2\/tags?post=465"}],"curies":[{"name":"wp","href":"https:\/\/api.w.org\/{rel}","templated":true}]}}