{"id":457,"date":"2017-07-16T16:33:18","date_gmt":"2017-07-16T14:33:18","guid":{"rendered":"https:\/\/www.leben-atmen.com\/sueditalien\/?p=457"},"modified":"2017-07-16T16:33:18","modified_gmt":"2017-07-16T14:33:18","slug":"badia-prataglia-erreicht","status":"publish","type":"post","link":"https:\/\/www.leben-atmen.com\/sueditalien\/2017\/07\/16\/badia-prataglia-erreicht\/","title":{"rendered":"Badia Prataglia erreicht"},"content":{"rendered":"<p>Soeben haben wir unseren n\u00e4chsten Zielort erreicht. Eigentlich wollten wir gar nicht hierher fahren. Aber heute Morgen haben wir es uns doch anders \u00fcberlegt.<\/p>\n<p>Aber die einzigartig sch\u00f6ne Natur und das Kloster Camaldoli haben uns dazu verf\u00fchrt, diesen Umweg in Kauf zu nehmen.<\/p>\n<p><a href=\"https:\/\/www.leben-atmen.com\/wp-content\/blogs.dir\/10\/files\/2017\/07\/f3c9990ad008cdff382622e5c82d49ff.jpg\" data-rel=\"lightbox-image-0\" data-rl_title=\"\" data-rl_caption=\"\" title=\"\"><img loading=\"lazy\" decoding=\"async\" src=\"https:\/\/www.leben-atmen.com\/wp-content\/blogs.dir\/10\/files\/2017\/07\/f3c9990ad008cdff382622e5c82d49ff.jpg\" alt=\"\" width=\"852\" height=\"1136\" class=\"alignnone size-full wp-image-455\" srcset=\"https:\/\/www.leben-atmen.com\/wp-content\/blogs.dir\/10\/files\/2017\/07\/f3c9990ad008cdff382622e5c82d49ff.jpg 852w, https:\/\/www.leben-atmen.com\/wp-content\/blogs.dir\/10\/files\/2017\/07\/f3c9990ad008cdff382622e5c82d49ff-225x300.jpg 225w, https:\/\/www.leben-atmen.com\/wp-content\/blogs.dir\/10\/files\/2017\/07\/f3c9990ad008cdff382622e5c82d49ff-768x1024.jpg 768w\" sizes=\"auto, (max-width: 852px) 100vw, 852px\" \/><\/a><a href=\"https:\/\/www.leben-atmen.com\/wp-content\/blogs.dir\/10\/files\/2017\/07\/72b38acedcceb95677f8ba273a02e6ac.jpg\" data-rel=\"lightbox-image-1\" data-rl_title=\"\" data-rl_caption=\"\" title=\"\"><img loading=\"lazy\" decoding=\"async\" src=\"https:\/\/www.leben-atmen.com\/wp-content\/blogs.dir\/10\/files\/2017\/07\/72b38acedcceb95677f8ba273a02e6ac.jpg\" alt=\"\" width=\"1300\" height=\"974\" class=\"alignnone size-full wp-image-456\" srcset=\"https:\/\/www.leben-atmen.com\/wp-content\/blogs.dir\/10\/files\/2017\/07\/72b38acedcceb95677f8ba273a02e6ac.jpg 1300w, https:\/\/www.leben-atmen.com\/wp-content\/blogs.dir\/10\/files\/2017\/07\/72b38acedcceb95677f8ba273a02e6ac-300x225.jpg 300w, https:\/\/www.leben-atmen.com\/wp-content\/blogs.dir\/10\/files\/2017\/07\/72b38acedcceb95677f8ba273a02e6ac-768x575.jpg 768w, https:\/\/www.leben-atmen.com\/wp-content\/blogs.dir\/10\/files\/2017\/07\/72b38acedcceb95677f8ba273a02e6ac-1024x767.jpg 1024w, https:\/\/www.leben-atmen.com\/wp-content\/blogs.dir\/10\/files\/2017\/07\/72b38acedcceb95677f8ba273a02e6ac-400x300.jpg 400w\" sizes=\"auto, (max-width: 1300px) 100vw, 1300px\" \/><\/a><\/p>\n","protected":false},"excerpt":{"rendered":"<p>Soeben haben wir unseren n\u00e4chsten Zielort erreicht. Eigentlich wollten wir gar nicht hierher fahren. Aber heute Morgen haben wir es uns doch anders \u00fcberlegt. Aber die einzigartig sch\u00f6ne Natur und das Kloster Camaldoli haben uns dazu verf\u00fchrt, diesen Umweg in &hellip; <a href=\"https:\/\/www.leben-atmen.com\/sueditalien\/2017\/07\/16\/badia-prataglia-erreicht\/\">Weiterlesen <span class=\"meta-nav\">&rarr;<\/span><\/a><\/p>\n","protected":false},"author":3,"featured_media":0,"comment_status":"open","ping_status":"open","sticky":false,"template":"","format":"standard","meta":{"_jetpack_memberships_contains_paid_content":false,"footnotes":""},"categories":[1],"tags":[],"class_list":["post-457","post","type-post","status-publish","format-standard","hentry","category-allgemein"],"jetpack_featured_media_url":"","jetpack_sharing_enabled":true,"_links":{"self":[{"href":"https:\/\/www.leben-atmen.com\/sueditalien\/wp-json\/wp\/v2\/posts\/457","targetHints":{"allow":["GET"]}}],"collection":[{"href":"https:\/\/www.leben-atmen.com\/sueditalien\/wp-json\/wp\/v2\/posts"}],"about":[{"href":"https:\/\/www.leben-atmen.com\/sueditalien\/wp-json\/wp\/v2\/types\/post"}],"author":[{"embeddable":true,"href":"https:\/\/www.leben-atmen.com\/sueditalien\/wp-json\/wp\/v2\/users\/3"}],"replies":[{"embeddable":true,"href":"https:\/\/www.leben-atmen.com\/sueditalien\/wp-json\/wp\/v2\/comments?post=457"}],"version-history":[{"count":1,"href":"https:\/\/www.leben-atmen.com\/sueditalien\/wp-json\/wp\/v2\/posts\/457\/revisions"}],"predecessor-version":[{"id":458,"href":"https:\/\/www.leben-atmen.com\/sueditalien\/wp-json\/wp\/v2\/posts\/457\/revisions\/458"}],"wp:attachment":[{"href":"https:\/\/www.leben-atmen.com\/sueditalien\/wp-json\/wp\/v2\/media?parent=457"}],"wp:term":[{"taxonomy":"category","embeddable":true,"href":"https:\/\/www.leben-atmen.com\/sueditalien\/wp-json\/wp\/v2\/categories?post=457"},{"taxonomy":"post_tag","embeddable":true,"href":"https:\/\/www.leben-atmen.com\/sueditalien\/wp-json\/wp\/v2\/tags?post=457"}],"curies":[{"name":"wp","href":"https:\/\/api.w.org\/{rel}","templated":true}]}}