{"id":422,"date":"2017-07-15T11:56:24","date_gmt":"2017-07-15T09:56:24","guid":{"rendered":"https:\/\/www.leben-atmen.com\/sueditalien\/?p=422"},"modified":"2017-07-15T11:56:24","modified_gmt":"2017-07-15T09:56:24","slug":"florenz-beeindruckt-mich-immer-wieder","status":"publish","type":"post","link":"https:\/\/www.leben-atmen.com\/sueditalien\/2017\/07\/15\/florenz-beeindruckt-mich-immer-wieder\/","title":{"rendered":"Florenz beeindruckt mich immer wieder"},"content":{"rendered":"<p>Florenz ist eine unglaublich und umwerfend sch\u00f6ne Stadt. Leider v\u00f6llig \u00fcberlaufen, so kann man hier unm\u00f6glich Besichtigungen starten oder sich in Ruhe umsehen. Wir \u00fcberlegen, ob es vielleicht besser w\u00e4re im M\u00e4rz die Stadt zu besichtigen. Aber ich glaube sie ist immer gut besucht. Trotzdem hat sie eine besondere Ausstrahlung. Ihre Fassade scheint Geld zu schwimmen und der blaue Himmel mit kleinen W\u00f6lkchen dazu tut sein \u00fcbriges, um die Stadt leuchten zu lassen.<\/p>\n<p><a href=\"https:\/\/www.leben-atmen.com\/wp-content\/blogs.dir\/10\/files\/2017\/07\/18f9bf9ebfa1a946c1fe18cc7bfce8c9.jpg\" data-rel=\"lightbox-image-0\" data-rl_title=\"\" data-rl_caption=\"\" title=\"\"><img loading=\"lazy\" decoding=\"async\" src=\"https:\/\/www.leben-atmen.com\/wp-content\/blogs.dir\/10\/files\/2017\/07\/18f9bf9ebfa1a946c1fe18cc7bfce8c9.jpg\" alt=\"\" width=\"1200\" height=\"900\" class=\"alignnone size-full wp-image-421\" srcset=\"https:\/\/www.leben-atmen.com\/wp-content\/blogs.dir\/10\/files\/2017\/07\/18f9bf9ebfa1a946c1fe18cc7bfce8c9.jpg 1200w, https:\/\/www.leben-atmen.com\/wp-content\/blogs.dir\/10\/files\/2017\/07\/18f9bf9ebfa1a946c1fe18cc7bfce8c9-300x225.jpg 300w, https:\/\/www.leben-atmen.com\/wp-content\/blogs.dir\/10\/files\/2017\/07\/18f9bf9ebfa1a946c1fe18cc7bfce8c9-768x576.jpg 768w, https:\/\/www.leben-atmen.com\/wp-content\/blogs.dir\/10\/files\/2017\/07\/18f9bf9ebfa1a946c1fe18cc7bfce8c9-1024x768.jpg 1024w, https:\/\/www.leben-atmen.com\/wp-content\/blogs.dir\/10\/files\/2017\/07\/18f9bf9ebfa1a946c1fe18cc7bfce8c9-400x300.jpg 400w\" sizes=\"auto, (max-width: 1200px) 100vw, 1200px\" \/><\/a><\/p>\n","protected":false},"excerpt":{"rendered":"<p>Florenz ist eine unglaublich und umwerfend sch\u00f6ne Stadt. Leider v\u00f6llig \u00fcberlaufen, so kann man hier unm\u00f6glich Besichtigungen starten oder sich in Ruhe umsehen. Wir \u00fcberlegen, ob es vielleicht besser w\u00e4re im M\u00e4rz die Stadt zu besichtigen. Aber ich glaube sie &hellip; <a href=\"https:\/\/www.leben-atmen.com\/sueditalien\/2017\/07\/15\/florenz-beeindruckt-mich-immer-wieder\/\">Weiterlesen <span class=\"meta-nav\">&rarr;<\/span><\/a><\/p>\n","protected":false},"author":2,"featured_media":0,"comment_status":"open","ping_status":"open","sticky":false,"template":"","format":"standard","meta":{"_jetpack_memberships_contains_paid_content":false,"footnotes":""},"categories":[1],"tags":[],"class_list":["post-422","post","type-post","status-publish","format-standard","hentry","category-allgemein"],"jetpack_featured_media_url":"","jetpack_sharing_enabled":true,"_links":{"self":[{"href":"https:\/\/www.leben-atmen.com\/sueditalien\/wp-json\/wp\/v2\/posts\/422","targetHints":{"allow":["GET"]}}],"collection":[{"href":"https:\/\/www.leben-atmen.com\/sueditalien\/wp-json\/wp\/v2\/posts"}],"about":[{"href":"https:\/\/www.leben-atmen.com\/sueditalien\/wp-json\/wp\/v2\/types\/post"}],"author":[{"embeddable":true,"href":"https:\/\/www.leben-atmen.com\/sueditalien\/wp-json\/wp\/v2\/users\/2"}],"replies":[{"embeddable":true,"href":"https:\/\/www.leben-atmen.com\/sueditalien\/wp-json\/wp\/v2\/comments?post=422"}],"version-history":[{"count":1,"href":"https:\/\/www.leben-atmen.com\/sueditalien\/wp-json\/wp\/v2\/posts\/422\/revisions"}],"predecessor-version":[{"id":423,"href":"https:\/\/www.leben-atmen.com\/sueditalien\/wp-json\/wp\/v2\/posts\/422\/revisions\/423"}],"wp:attachment":[{"href":"https:\/\/www.leben-atmen.com\/sueditalien\/wp-json\/wp\/v2\/media?parent=422"}],"wp:term":[{"taxonomy":"category","embeddable":true,"href":"https:\/\/www.leben-atmen.com\/sueditalien\/wp-json\/wp\/v2\/categories?post=422"},{"taxonomy":"post_tag","embeddable":true,"href":"https:\/\/www.leben-atmen.com\/sueditalien\/wp-json\/wp\/v2\/tags?post=422"}],"curies":[{"name":"wp","href":"https:\/\/api.w.org\/{rel}","templated":true}]}}