{"id":407,"date":"2017-07-14T13:19:46","date_gmt":"2017-07-14T11:19:46","guid":{"rendered":"https:\/\/www.leben-atmen.com\/sueditalien\/?p=407"},"modified":"2017-07-14T13:19:46","modified_gmt":"2017-07-14T11:19:46","slug":"schwimmen-im-lago","status":"publish","type":"post","link":"https:\/\/www.leben-atmen.com\/sueditalien\/2017\/07\/14\/schwimmen-im-lago\/","title":{"rendered":"Schwimmen im Lago?"},"content":{"rendered":"<p>Eigentlich wollten wir im Lago di Suviana schwimmen gehen. Aber leider ist es heute daf\u00fcr zu kalt. Gro\u00dfe Gewitterfronten zogen \u00fcber uns hinweg, aber jetzt kommt langsam die Sonne wieder etwas hervor.<\/p>\n<p><a href=\"https:\/\/www.leben-atmen.com\/wp-content\/blogs.dir\/10\/files\/2017\/07\/7be076c553a11b2ddee66e89c9d2b10e.jpg\" data-rel=\"lightbox-image-0\" data-rl_title=\"\" data-rl_caption=\"\" title=\"\"><img loading=\"lazy\" decoding=\"async\" src=\"https:\/\/www.leben-atmen.com\/wp-content\/blogs.dir\/10\/files\/2017\/07\/7be076c553a11b2ddee66e89c9d2b10e.jpg\" alt=\"\" width=\"1200\" height=\"900\" class=\"alignnone size-full wp-image-406\" srcset=\"https:\/\/www.leben-atmen.com\/wp-content\/blogs.dir\/10\/files\/2017\/07\/7be076c553a11b2ddee66e89c9d2b10e.jpg 1200w, https:\/\/www.leben-atmen.com\/wp-content\/blogs.dir\/10\/files\/2017\/07\/7be076c553a11b2ddee66e89c9d2b10e-300x225.jpg 300w, https:\/\/www.leben-atmen.com\/wp-content\/blogs.dir\/10\/files\/2017\/07\/7be076c553a11b2ddee66e89c9d2b10e-768x576.jpg 768w, https:\/\/www.leben-atmen.com\/wp-content\/blogs.dir\/10\/files\/2017\/07\/7be076c553a11b2ddee66e89c9d2b10e-1024x768.jpg 1024w, https:\/\/www.leben-atmen.com\/wp-content\/blogs.dir\/10\/files\/2017\/07\/7be076c553a11b2ddee66e89c9d2b10e-400x300.jpg 400w\" sizes=\"auto, (max-width: 1200px) 100vw, 1200px\" \/><\/a><\/p>\n","protected":false},"excerpt":{"rendered":"<p>Eigentlich wollten wir im Lago di Suviana schwimmen gehen. Aber leider ist es heute daf\u00fcr zu kalt. Gro\u00dfe Gewitterfronten zogen \u00fcber uns hinweg, aber jetzt kommt langsam die Sonne wieder etwas hervor.<\/p>\n","protected":false},"author":2,"featured_media":0,"comment_status":"open","ping_status":"open","sticky":false,"template":"","format":"standard","meta":{"_jetpack_memberships_contains_paid_content":false,"footnotes":""},"categories":[1],"tags":[],"class_list":["post-407","post","type-post","status-publish","format-standard","hentry","category-allgemein"],"jetpack_featured_media_url":"","jetpack_sharing_enabled":true,"_links":{"self":[{"href":"https:\/\/www.leben-atmen.com\/sueditalien\/wp-json\/wp\/v2\/posts\/407","targetHints":{"allow":["GET"]}}],"collection":[{"href":"https:\/\/www.leben-atmen.com\/sueditalien\/wp-json\/wp\/v2\/posts"}],"about":[{"href":"https:\/\/www.leben-atmen.com\/sueditalien\/wp-json\/wp\/v2\/types\/post"}],"author":[{"embeddable":true,"href":"https:\/\/www.leben-atmen.com\/sueditalien\/wp-json\/wp\/v2\/users\/2"}],"replies":[{"embeddable":true,"href":"https:\/\/www.leben-atmen.com\/sueditalien\/wp-json\/wp\/v2\/comments?post=407"}],"version-history":[{"count":1,"href":"https:\/\/www.leben-atmen.com\/sueditalien\/wp-json\/wp\/v2\/posts\/407\/revisions"}],"predecessor-version":[{"id":408,"href":"https:\/\/www.leben-atmen.com\/sueditalien\/wp-json\/wp\/v2\/posts\/407\/revisions\/408"}],"wp:attachment":[{"href":"https:\/\/www.leben-atmen.com\/sueditalien\/wp-json\/wp\/v2\/media?parent=407"}],"wp:term":[{"taxonomy":"category","embeddable":true,"href":"https:\/\/www.leben-atmen.com\/sueditalien\/wp-json\/wp\/v2\/categories?post=407"},{"taxonomy":"post_tag","embeddable":true,"href":"https:\/\/www.leben-atmen.com\/sueditalien\/wp-json\/wp\/v2\/tags?post=407"}],"curies":[{"name":"wp","href":"https:\/\/api.w.org\/{rel}","templated":true}]}}