{"id":386,"date":"2017-07-13T13:11:52","date_gmt":"2017-07-13T11:11:52","guid":{"rendered":"https:\/\/www.leben-atmen.com\/sueditalien\/?p=386"},"modified":"2017-07-13T13:11:52","modified_gmt":"2017-07-13T11:11:52","slug":"und-hinein-nach-bologna","status":"publish","type":"post","link":"https:\/\/www.leben-atmen.com\/sueditalien\/2017\/07\/13\/und-hinein-nach-bologna\/","title":{"rendered":"Und hinein nach Bologna"},"content":{"rendered":"<p>Eine gro\u00dfe Stadt mit dem Fahrrad anzufahren, ist immer eine schwierige Geschichte. Bologna hat nicht wirklich sch\u00f6ne Radwege, um die Innenstadt bequem erreichen zu k\u00f6nnen.<\/p>\n<p>Aber irgendwie haben wir uns durch den Verkehr gew\u00fchlt und sind nun angekommen.<br \/>\n<a href=\"https:\/\/www.leben-atmen.com\/wp-content\/blogs.dir\/10\/files\/2017\/07\/e46e55d98ac05e223abdf216e01660c3.jpg\" data-rel=\"lightbox-image-0\" data-rl_title=\"\" data-rl_caption=\"\" title=\"\"><img loading=\"lazy\" decoding=\"async\" src=\"https:\/\/www.leben-atmen.com\/wp-content\/blogs.dir\/10\/files\/2017\/07\/e46e55d98ac05e223abdf216e01660c3.jpg\" alt=\"\" width=\"1136\" height=\"852\" class=\"alignnone size-full wp-image-385\" srcset=\"https:\/\/www.leben-atmen.com\/wp-content\/blogs.dir\/10\/files\/2017\/07\/e46e55d98ac05e223abdf216e01660c3.jpg 1136w, https:\/\/www.leben-atmen.com\/wp-content\/blogs.dir\/10\/files\/2017\/07\/e46e55d98ac05e223abdf216e01660c3-300x225.jpg 300w, https:\/\/www.leben-atmen.com\/wp-content\/blogs.dir\/10\/files\/2017\/07\/e46e55d98ac05e223abdf216e01660c3-768x576.jpg 768w, https:\/\/www.leben-atmen.com\/wp-content\/blogs.dir\/10\/files\/2017\/07\/e46e55d98ac05e223abdf216e01660c3-1024x768.jpg 1024w, https:\/\/www.leben-atmen.com\/wp-content\/blogs.dir\/10\/files\/2017\/07\/e46e55d98ac05e223abdf216e01660c3-400x300.jpg 400w\" sizes=\"auto, (max-width: 1136px) 100vw, 1136px\" \/><\/a><\/p>\n","protected":false},"excerpt":{"rendered":"<p>Eine gro\u00dfe Stadt mit dem Fahrrad anzufahren, ist immer eine schwierige Geschichte. Bologna hat nicht wirklich sch\u00f6ne Radwege, um die Innenstadt bequem erreichen zu k\u00f6nnen. Aber irgendwie haben wir uns durch den Verkehr gew\u00fchlt und sind nun angekommen.<\/p>\n","protected":false},"author":3,"featured_media":0,"comment_status":"open","ping_status":"open","sticky":false,"template":"","format":"standard","meta":{"_jetpack_memberships_contains_paid_content":false,"footnotes":""},"categories":[1],"tags":[],"class_list":["post-386","post","type-post","status-publish","format-standard","hentry","category-allgemein"],"jetpack_featured_media_url":"","jetpack_sharing_enabled":true,"_links":{"self":[{"href":"https:\/\/www.leben-atmen.com\/sueditalien\/wp-json\/wp\/v2\/posts\/386","targetHints":{"allow":["GET"]}}],"collection":[{"href":"https:\/\/www.leben-atmen.com\/sueditalien\/wp-json\/wp\/v2\/posts"}],"about":[{"href":"https:\/\/www.leben-atmen.com\/sueditalien\/wp-json\/wp\/v2\/types\/post"}],"author":[{"embeddable":true,"href":"https:\/\/www.leben-atmen.com\/sueditalien\/wp-json\/wp\/v2\/users\/3"}],"replies":[{"embeddable":true,"href":"https:\/\/www.leben-atmen.com\/sueditalien\/wp-json\/wp\/v2\/comments?post=386"}],"version-history":[{"count":1,"href":"https:\/\/www.leben-atmen.com\/sueditalien\/wp-json\/wp\/v2\/posts\/386\/revisions"}],"predecessor-version":[{"id":387,"href":"https:\/\/www.leben-atmen.com\/sueditalien\/wp-json\/wp\/v2\/posts\/386\/revisions\/387"}],"wp:attachment":[{"href":"https:\/\/www.leben-atmen.com\/sueditalien\/wp-json\/wp\/v2\/media?parent=386"}],"wp:term":[{"taxonomy":"category","embeddable":true,"href":"https:\/\/www.leben-atmen.com\/sueditalien\/wp-json\/wp\/v2\/categories?post=386"},{"taxonomy":"post_tag","embeddable":true,"href":"https:\/\/www.leben-atmen.com\/sueditalien\/wp-json\/wp\/v2\/tags?post=386"}],"curies":[{"name":"wp","href":"https:\/\/api.w.org\/{rel}","templated":true}]}}