{"id":375,"date":"2017-07-13T09:20:14","date_gmt":"2017-07-13T07:20:14","guid":{"rendered":"https:\/\/www.leben-atmen.com\/sueditalien\/?p=375"},"modified":"2017-07-13T09:20:14","modified_gmt":"2017-07-13T07:20:14","slug":"wir-verlassen-ferrara","status":"publish","type":"post","link":"https:\/\/www.leben-atmen.com\/sueditalien\/2017\/07\/13\/wir-verlassen-ferrara\/","title":{"rendered":"Wir verlassen Ferrara"},"content":{"rendered":"<p>Die Stadt Ferrara mit den vielen Fahrr\u00e4dern hat uns sehr gut gefallen.<\/p>\n<p>Heute f\u00fchrt unsere Radtour \u00fcber die Stadt Bologna zur\u00fcck in die Berge \u2013 in den Apennin.&nbsp;<\/p>\n<p><a href=\"https:\/\/www.leben-atmen.com\/wp-content\/blogs.dir\/10\/files\/2017\/07\/7c2c7b8ee223f1652b1da7da4e4e553c.jpg\" data-rel=\"lightbox-image-0\" data-rl_title=\"\" data-rl_caption=\"\" title=\"\"><img loading=\"lazy\" decoding=\"async\" src=\"https:\/\/www.leben-atmen.com\/wp-content\/blogs.dir\/10\/files\/2017\/07\/7c2c7b8ee223f1652b1da7da4e4e553c.jpg\" alt=\"\" width=\"852\" height=\"1136\" class=\"alignnone size-full wp-image-373\" srcset=\"https:\/\/www.leben-atmen.com\/wp-content\/blogs.dir\/10\/files\/2017\/07\/7c2c7b8ee223f1652b1da7da4e4e553c.jpg 852w, https:\/\/www.leben-atmen.com\/wp-content\/blogs.dir\/10\/files\/2017\/07\/7c2c7b8ee223f1652b1da7da4e4e553c-225x300.jpg 225w, https:\/\/www.leben-atmen.com\/wp-content\/blogs.dir\/10\/files\/2017\/07\/7c2c7b8ee223f1652b1da7da4e4e553c-768x1024.jpg 768w\" sizes=\"auto, (max-width: 852px) 100vw, 852px\" \/><\/a><a href=\"https:\/\/www.leben-atmen.com\/wp-content\/blogs.dir\/10\/files\/2017\/07\/a27a03dfd246692fc002331ab44934f4.jpg\" data-rel=\"lightbox-image-1\" data-rl_title=\"\" data-rl_caption=\"\" title=\"\"><img loading=\"lazy\" decoding=\"async\" src=\"https:\/\/www.leben-atmen.com\/wp-content\/blogs.dir\/10\/files\/2017\/07\/a27a03dfd246692fc002331ab44934f4.jpg\" alt=\"\" width=\"1300\" height=\"974\" class=\"alignnone size-full wp-image-374\" srcset=\"https:\/\/www.leben-atmen.com\/wp-content\/blogs.dir\/10\/files\/2017\/07\/a27a03dfd246692fc002331ab44934f4.jpg 1300w, https:\/\/www.leben-atmen.com\/wp-content\/blogs.dir\/10\/files\/2017\/07\/a27a03dfd246692fc002331ab44934f4-300x225.jpg 300w, https:\/\/www.leben-atmen.com\/wp-content\/blogs.dir\/10\/files\/2017\/07\/a27a03dfd246692fc002331ab44934f4-768x575.jpg 768w, https:\/\/www.leben-atmen.com\/wp-content\/blogs.dir\/10\/files\/2017\/07\/a27a03dfd246692fc002331ab44934f4-1024x767.jpg 1024w, https:\/\/www.leben-atmen.com\/wp-content\/blogs.dir\/10\/files\/2017\/07\/a27a03dfd246692fc002331ab44934f4-400x300.jpg 400w\" sizes=\"auto, (max-width: 1300px) 100vw, 1300px\" \/><\/a><\/p>\n","protected":false},"excerpt":{"rendered":"<p>Die Stadt Ferrara mit den vielen Fahrr\u00e4dern hat uns sehr gut gefallen. Heute f\u00fchrt unsere Radtour \u00fcber die Stadt Bologna zur\u00fcck in die Berge \u2013 in den Apennin.&nbsp;<\/p>\n","protected":false},"author":3,"featured_media":0,"comment_status":"open","ping_status":"open","sticky":false,"template":"","format":"standard","meta":{"_jetpack_memberships_contains_paid_content":false,"footnotes":""},"categories":[1],"tags":[],"class_list":["post-375","post","type-post","status-publish","format-standard","hentry","category-allgemein"],"jetpack_featured_media_url":"","jetpack_sharing_enabled":true,"_links":{"self":[{"href":"https:\/\/www.leben-atmen.com\/sueditalien\/wp-json\/wp\/v2\/posts\/375","targetHints":{"allow":["GET"]}}],"collection":[{"href":"https:\/\/www.leben-atmen.com\/sueditalien\/wp-json\/wp\/v2\/posts"}],"about":[{"href":"https:\/\/www.leben-atmen.com\/sueditalien\/wp-json\/wp\/v2\/types\/post"}],"author":[{"embeddable":true,"href":"https:\/\/www.leben-atmen.com\/sueditalien\/wp-json\/wp\/v2\/users\/3"}],"replies":[{"embeddable":true,"href":"https:\/\/www.leben-atmen.com\/sueditalien\/wp-json\/wp\/v2\/comments?post=375"}],"version-history":[{"count":1,"href":"https:\/\/www.leben-atmen.com\/sueditalien\/wp-json\/wp\/v2\/posts\/375\/revisions"}],"predecessor-version":[{"id":376,"href":"https:\/\/www.leben-atmen.com\/sueditalien\/wp-json\/wp\/v2\/posts\/375\/revisions\/376"}],"wp:attachment":[{"href":"https:\/\/www.leben-atmen.com\/sueditalien\/wp-json\/wp\/v2\/media?parent=375"}],"wp:term":[{"taxonomy":"category","embeddable":true,"href":"https:\/\/www.leben-atmen.com\/sueditalien\/wp-json\/wp\/v2\/categories?post=375"},{"taxonomy":"post_tag","embeddable":true,"href":"https:\/\/www.leben-atmen.com\/sueditalien\/wp-json\/wp\/v2\/tags?post=375"}],"curies":[{"name":"wp","href":"https:\/\/api.w.org\/{rel}","templated":true}]}}