{"id":312,"date":"2017-07-11T10:31:50","date_gmt":"2017-07-11T08:31:50","guid":{"rendered":"https:\/\/www.leben-atmen.com\/sueditalien\/?p=312"},"modified":"2017-07-11T10:31:50","modified_gmt":"2017-07-11T08:31:50","slug":"radweg-muenchen-venedig","status":"publish","type":"post","link":"https:\/\/www.leben-atmen.com\/sueditalien\/2017\/07\/11\/radweg-muenchen-venedig\/","title":{"rendered":"Radweg M\u00fcnchen Venedig"},"content":{"rendered":"<p>Toni hat es gestern kurz im Video erw\u00e4hnt, wie gut es ist, von M\u00fcnchen nach Venedig zu radeln. Ich wollte es noch einmal schriftlich f\u00fcr alle zusammenfassen, die sich f\u00fcr eine Radreise interessieren:<\/p>\n<p>Von M\u00fcnchen aus ist die Tour in einer Woche locker zu bew\u00e4ltigen, in zehn Tagen w\u00e4re auch noch ein Ruhetag und eine Besichtigung Venedigs drin. Man kann es sicher auch noch auf zwei Wochen ausdehnen, falls man Kinder mitnehmen m\u00f6chte oder die Etappenziele k\u00fcrzer und weniger anstrengend stecken will.<\/p>\n<p>Mit einem Elektrofahrrad &#8211; kann ich mir vorstellen &#8211; \u00a0ist die Strecke von vorne bis hinten ein Traum, bew\u00e4ltigt man doch ohne M\u00fche z. B. den steilen Brennerpass hinauf an den Brennersee.<\/p>\n<p>Der Weg besteht zu ca.\u00a080\u00a0Prozent aus reinen Radwegen, manchmal muss man kurze Distanzen\u00a0normale Stra\u00dfe benutzen, um an die Anschl\u00fcsse des Weges zu kommen. Man kann sich also hier v\u00f6llig auf sorgloses Genussradeln einstellen. Einzige Ausnahme bildet die Strecke Innsbruck bis Brennersee. Hier benutzt\u00a0man eine Nebenstrecke, die aber bis Patsch stark befahren wird und unglaublich steil ist. Wer auf Nummer Sicher gehen will, kann auf einen Postbus ausweichen und sich auch mit dem Rad hinauffahren lassen.<\/p>\n<p>Zur Beschilderung: In Deutschland ist der Radweg bisweilen prima beschildert, in \u00d6sterreich schlecht bis mies. \u00dcberhaupt geben sich die Tiroler keine M\u00fche, dem Radweg eine gewisse Aufmerksamkeit zukommen zu lassen. Den Brennerpass hinauf f\u00e4hrt man wie erw\u00e4hnt,\u00a0fast ausschlie\u00dflich auf der Stra\u00dfe, die \u00fcberm\u00e4\u00dfig steil ist. Und wenn man nicht auf der Stra\u00dfe fahren muss, ist die Streckenf\u00fchrung unsinnig. \u00a0Offensichtlich setzt man hier zu 100% darauf, dass die Radler sich wieder einmal in einen\u00a0besagten\u00a0Bus setzen sollen. Das ist schade und geh\u00f6rt nachgebessert!<\/p>\n<p>Ab der italienischen Grenze wird es richtig gut, man kann sich kaum verfahren, die Radwege sind blitzneu und gepflegt. Die Menschen sind bereits auf Radler eingestellt, man wird herzlich empfangen, ohne dass man je das Gef\u00fchl hat, man w\u00e4re nicht willkommen. Damit komme ich noch zur Infrastruktur: Es gibt \u00fcberall Pensionen, Hotels oder Campingpl\u00e4tze, die Zimmer sind bezahlbar bis g\u00fcnstig. Essen und Trinken ist nirgends ein Problem.<\/p>\n<p>Wer will, l\u00e4dt sich die GPS-Dateien von\u00a0http:\/\/www.muenchen-venezia.info und informiert sich weiter \u00fcber den Radweg.<\/p>\n<p>Unser Fazit: Wir finden den M\u00fcnchen-Venedig-Radweg f\u00fcr alle sehr empfehlenswert, die in einer Woche einmal etwas anderes erleben wollen, als den \u00fcblichen (und im Verh\u00e4ltnis teueren) Pauschalreisen aus dem Katalog.<\/p>\n<p><a href=\"https:\/\/www.leben-atmen.com\/wp-content\/blogs.dir\/10\/files\/2017\/07\/9f4e263137049431061b2b44d2e61589.jpg\" data-rel=\"lightbox-image-0\" data-rl_title=\"\" data-rl_caption=\"\" title=\"\"><img decoding=\"async\" class=\"alignnone size-full\" src=\"https:\/\/www.leben-atmen.com\/wp-content\/blogs.dir\/10\/files\/2017\/07\/9f4e263137049431061b2b44d2e61589.jpg\" alt=\"\" \/><\/a><\/p>\n<p>&nbsp;<\/p>\n","protected":false},"excerpt":{"rendered":"<p>Toni hat es gestern kurz im Video erw\u00e4hnt, wie gut es ist, von M\u00fcnchen nach Venedig zu radeln. Ich wollte es noch einmal schriftlich f\u00fcr alle zusammenfassen, die sich f\u00fcr eine Radreise interessieren: Von M\u00fcnchen aus ist die Tour in &hellip; <a href=\"https:\/\/www.leben-atmen.com\/sueditalien\/2017\/07\/11\/radweg-muenchen-venedig\/\">Weiterlesen <span class=\"meta-nav\">&rarr;<\/span><\/a><\/p>\n","protected":false},"author":2,"featured_media":0,"comment_status":"open","ping_status":"open","sticky":false,"template":"","format":"standard","meta":{"_jetpack_memberships_contains_paid_content":false,"footnotes":""},"categories":[1],"tags":[],"class_list":["post-312","post","type-post","status-publish","format-standard","hentry","category-allgemein"],"jetpack_featured_media_url":"","jetpack_sharing_enabled":true,"_links":{"self":[{"href":"https:\/\/www.leben-atmen.com\/sueditalien\/wp-json\/wp\/v2\/posts\/312","targetHints":{"allow":["GET"]}}],"collection":[{"href":"https:\/\/www.leben-atmen.com\/sueditalien\/wp-json\/wp\/v2\/posts"}],"about":[{"href":"https:\/\/www.leben-atmen.com\/sueditalien\/wp-json\/wp\/v2\/types\/post"}],"author":[{"embeddable":true,"href":"https:\/\/www.leben-atmen.com\/sueditalien\/wp-json\/wp\/v2\/users\/2"}],"replies":[{"embeddable":true,"href":"https:\/\/www.leben-atmen.com\/sueditalien\/wp-json\/wp\/v2\/comments?post=312"}],"version-history":[{"count":1,"href":"https:\/\/www.leben-atmen.com\/sueditalien\/wp-json\/wp\/v2\/posts\/312\/revisions"}],"predecessor-version":[{"id":314,"href":"https:\/\/www.leben-atmen.com\/sueditalien\/wp-json\/wp\/v2\/posts\/312\/revisions\/314"}],"wp:attachment":[{"href":"https:\/\/www.leben-atmen.com\/sueditalien\/wp-json\/wp\/v2\/media?parent=312"}],"wp:term":[{"taxonomy":"category","embeddable":true,"href":"https:\/\/www.leben-atmen.com\/sueditalien\/wp-json\/wp\/v2\/categories?post=312"},{"taxonomy":"post_tag","embeddable":true,"href":"https:\/\/www.leben-atmen.com\/sueditalien\/wp-json\/wp\/v2\/tags?post=312"}],"curies":[{"name":"wp","href":"https:\/\/api.w.org\/{rel}","templated":true}]}}