{"id":225,"date":"2017-07-08T22:18:39","date_gmt":"2017-07-08T20:18:39","guid":{"rendered":"https:\/\/www.leben-atmen.com\/sueditalien\/?p=225"},"modified":"2017-07-08T22:18:39","modified_gmt":"2017-07-08T20:18:39","slug":"und-ploetzlich-ist-es-da","status":"publish","type":"post","link":"https:\/\/www.leben-atmen.com\/sueditalien\/2017\/07\/08\/und-ploetzlich-ist-es-da\/","title":{"rendered":"Und pl\u00f6tzlich ist es da&#8230;"},"content":{"rendered":"<p>&#8230; das italienische Lebensgef\u00fchl, mitten in den Bergen irgendwo im Veneto. Im Albergo Cavallino kocht Mamma Pasta und Carne und Antonio ist f\u00fcr die G\u00e4ste da, Das Paar aus Vicenza am Nebentisch stellt sich mit Handschlag vor und &#8222;piacere&#8220; geh\u00f6rt dazu.&nbsp;<\/p>\n<p>Antonio scheint vom ber\u00fchmten Tiziano abzustammen, der ein Denkmal auf der Piazza hat. Antonio tr\u00e4gt denselben Nachnamen&#8230;<\/p>\n<p>So plaudern wir lautstark mit H\u00e4nden und Armen und dem bisserl italienisch und wir f\u00fchlen uns simpel ausgedr\u00fcckt umarmt von soviel W\u00e4rme und Gastfreundschaft.<\/p>\n<p>Genau darum machen wir wieder eine Tour durch Italien ??, wir sind und bleiben italophil&#8230;.?<\/p>\n<p><a href=\"https:\/\/www.leben-atmen.com\/wp-content\/blogs.dir\/10\/files\/2017\/07\/bf9a760168a31163f8e7f96b2fb694ee.jpg\" data-rel=\"lightbox-image-0\" data-rl_title=\"\" data-rl_caption=\"\" title=\"\"><img loading=\"lazy\" decoding=\"async\" src=\"https:\/\/www.leben-atmen.com\/wp-content\/blogs.dir\/10\/files\/2017\/07\/bf9a760168a31163f8e7f96b2fb694ee.jpg\" alt=\"\" width=\"900\" height=\"1200\" class=\"alignnone size-full wp-image-222\" srcset=\"https:\/\/www.leben-atmen.com\/wp-content\/blogs.dir\/10\/files\/2017\/07\/bf9a760168a31163f8e7f96b2fb694ee.jpg 900w, https:\/\/www.leben-atmen.com\/wp-content\/blogs.dir\/10\/files\/2017\/07\/bf9a760168a31163f8e7f96b2fb694ee-225x300.jpg 225w, https:\/\/www.leben-atmen.com\/wp-content\/blogs.dir\/10\/files\/2017\/07\/bf9a760168a31163f8e7f96b2fb694ee-768x1024.jpg 768w\" sizes=\"auto, (max-width: 900px) 100vw, 900px\" \/><\/a><a href=\"https:\/\/www.leben-atmen.com\/wp-content\/blogs.dir\/10\/files\/2017\/07\/1ebda8c52ede02aa4180e3a0a46ee25f.jpg\" data-rel=\"lightbox-image-1\" data-rl_title=\"\" data-rl_caption=\"\" title=\"\"><img loading=\"lazy\" decoding=\"async\" src=\"https:\/\/www.leben-atmen.com\/wp-content\/blogs.dir\/10\/files\/2017\/07\/1ebda8c52ede02aa4180e3a0a46ee25f.jpg\" alt=\"\" width=\"900\" height=\"1200\" class=\"alignnone size-full wp-image-221\" srcset=\"https:\/\/www.leben-atmen.com\/wp-content\/blogs.dir\/10\/files\/2017\/07\/1ebda8c52ede02aa4180e3a0a46ee25f.jpg 900w, https:\/\/www.leben-atmen.com\/wp-content\/blogs.dir\/10\/files\/2017\/07\/1ebda8c52ede02aa4180e3a0a46ee25f-225x300.jpg 225w, https:\/\/www.leben-atmen.com\/wp-content\/blogs.dir\/10\/files\/2017\/07\/1ebda8c52ede02aa4180e3a0a46ee25f-768x1024.jpg 768w\" sizes=\"auto, (max-width: 900px) 100vw, 900px\" \/><\/a><br \/>\n<a href=\"https:\/\/www.leben-atmen.com\/wp-content\/blogs.dir\/10\/files\/2017\/07\/33aac8e52f258805ce3f4bf4e2f8204e.jpg\" data-rel=\"lightbox-image-2\" data-rl_title=\"\" data-rl_caption=\"\" title=\"\"><img loading=\"lazy\" decoding=\"async\" src=\"https:\/\/www.leben-atmen.com\/wp-content\/blogs.dir\/10\/files\/2017\/07\/33aac8e52f258805ce3f4bf4e2f8204e.jpg\" alt=\"\" width=\"1200\" height=\"900\" class=\"alignnone size-full wp-image-224\" srcset=\"https:\/\/www.leben-atmen.com\/wp-content\/blogs.dir\/10\/files\/2017\/07\/33aac8e52f258805ce3f4bf4e2f8204e.jpg 1200w, https:\/\/www.leben-atmen.com\/wp-content\/blogs.dir\/10\/files\/2017\/07\/33aac8e52f258805ce3f4bf4e2f8204e-300x225.jpg 300w, https:\/\/www.leben-atmen.com\/wp-content\/blogs.dir\/10\/files\/2017\/07\/33aac8e52f258805ce3f4bf4e2f8204e-768x576.jpg 768w, https:\/\/www.leben-atmen.com\/wp-content\/blogs.dir\/10\/files\/2017\/07\/33aac8e52f258805ce3f4bf4e2f8204e-1024x768.jpg 1024w\" sizes=\"auto, (max-width: 1200px) 100vw, 1200px\" \/><\/a><\/p>\n","protected":false},"excerpt":{"rendered":"<p>&#8230; das italienische Lebensgef\u00fchl, mitten in den Bergen irgendwo im Veneto. Im Albergo Cavallino kocht Mamma Pasta und Carne und Antonio ist f\u00fcr die G\u00e4ste da, Das Paar aus Vicenza am Nebentisch stellt sich mit Handschlag vor und &#8222;piacere&#8220; geh\u00f6rt &hellip; <a href=\"https:\/\/www.leben-atmen.com\/sueditalien\/2017\/07\/08\/und-ploetzlich-ist-es-da\/\">Weiterlesen <span class=\"meta-nav\">&rarr;<\/span><\/a><\/p>\n","protected":false},"author":2,"featured_media":0,"comment_status":"open","ping_status":"open","sticky":false,"template":"","format":"standard","meta":{"_jetpack_memberships_contains_paid_content":false,"footnotes":""},"categories":[1],"tags":[],"class_list":["post-225","post","type-post","status-publish","format-standard","hentry","category-allgemein"],"jetpack_featured_media_url":"","jetpack_sharing_enabled":true,"_links":{"self":[{"href":"https:\/\/www.leben-atmen.com\/sueditalien\/wp-json\/wp\/v2\/posts\/225","targetHints":{"allow":["GET"]}}],"collection":[{"href":"https:\/\/www.leben-atmen.com\/sueditalien\/wp-json\/wp\/v2\/posts"}],"about":[{"href":"https:\/\/www.leben-atmen.com\/sueditalien\/wp-json\/wp\/v2\/types\/post"}],"author":[{"embeddable":true,"href":"https:\/\/www.leben-atmen.com\/sueditalien\/wp-json\/wp\/v2\/users\/2"}],"replies":[{"embeddable":true,"href":"https:\/\/www.leben-atmen.com\/sueditalien\/wp-json\/wp\/v2\/comments?post=225"}],"version-history":[{"count":1,"href":"https:\/\/www.leben-atmen.com\/sueditalien\/wp-json\/wp\/v2\/posts\/225\/revisions"}],"predecessor-version":[{"id":226,"href":"https:\/\/www.leben-atmen.com\/sueditalien\/wp-json\/wp\/v2\/posts\/225\/revisions\/226"}],"wp:attachment":[{"href":"https:\/\/www.leben-atmen.com\/sueditalien\/wp-json\/wp\/v2\/media?parent=225"}],"wp:term":[{"taxonomy":"category","embeddable":true,"href":"https:\/\/www.leben-atmen.com\/sueditalien\/wp-json\/wp\/v2\/categories?post=225"},{"taxonomy":"post_tag","embeddable":true,"href":"https:\/\/www.leben-atmen.com\/sueditalien\/wp-json\/wp\/v2\/tags?post=225"}],"curies":[{"name":"wp","href":"https:\/\/api.w.org\/{rel}","templated":true}]}}