{"id":125,"date":"2017-07-06T10:24:33","date_gmt":"2017-07-06T08:24:33","guid":{"rendered":"https:\/\/www.leben-atmen.com\/sueditalien\/?p=125"},"modified":"2017-07-06T10:24:33","modified_gmt":"2017-07-06T08:24:33","slug":"stadt-innsbruck-in-neuem-licht","status":"publish","type":"post","link":"https:\/\/www.leben-atmen.com\/sueditalien\/2017\/07\/06\/stadt-innsbruck-in-neuem-licht\/","title":{"rendered":"Stadt Innsbruck in neuem Licht"},"content":{"rendered":"<p>Heute sind wir ausnahmsweise einmal mit dem Fahrrad hier! Wir besuchen die Stadt oft im Winter, wenn wir einen Ruhetag beim Skifahren einlegen. Es ist sehr sch\u00f6n heute und die Antwort auf die Stadt war ruhig. Hier k\u00f6nnte ich mir vorstellen zu leben! Mit dem Bergen, und mit den Fl\u00fcssen hier rundherum.<\/p>\n<p><a href=\"https:\/\/www.leben-atmen.com\/wp-content\/blogs.dir\/10\/files\/2017\/07\/0e1e68259c0e5339809d894f1bd11415.jpg\" data-rel=\"lightbox-image-0\" data-rl_title=\"\" data-rl_caption=\"\" title=\"\"><img loading=\"lazy\" decoding=\"async\" src=\"https:\/\/www.leben-atmen.com\/wp-content\/blogs.dir\/10\/files\/2017\/07\/0e1e68259c0e5339809d894f1bd11415.jpg\" alt=\"\" width=\"900\" height=\"1200\" class=\"alignnone size-full wp-image-122\" srcset=\"https:\/\/www.leben-atmen.com\/wp-content\/blogs.dir\/10\/files\/2017\/07\/0e1e68259c0e5339809d894f1bd11415.jpg 900w, https:\/\/www.leben-atmen.com\/wp-content\/blogs.dir\/10\/files\/2017\/07\/0e1e68259c0e5339809d894f1bd11415-225x300.jpg 225w, https:\/\/www.leben-atmen.com\/wp-content\/blogs.dir\/10\/files\/2017\/07\/0e1e68259c0e5339809d894f1bd11415-768x1024.jpg 768w\" sizes=\"auto, (max-width: 900px) 100vw, 900px\" \/><\/a><a href=\"https:\/\/www.leben-atmen.com\/wp-content\/blogs.dir\/10\/files\/2017\/07\/866a036464c1d7dcbcacb3d2dba39b34.jpg\" data-rel=\"lightbox-image-1\" data-rl_title=\"\" data-rl_caption=\"\" title=\"\"><img loading=\"lazy\" decoding=\"async\" src=\"https:\/\/www.leben-atmen.com\/wp-content\/blogs.dir\/10\/files\/2017\/07\/866a036464c1d7dcbcacb3d2dba39b34.jpg\" alt=\"\" width=\"900\" height=\"1200\" class=\"alignnone size-full wp-image-123\" srcset=\"https:\/\/www.leben-atmen.com\/wp-content\/blogs.dir\/10\/files\/2017\/07\/866a036464c1d7dcbcacb3d2dba39b34.jpg 900w, https:\/\/www.leben-atmen.com\/wp-content\/blogs.dir\/10\/files\/2017\/07\/866a036464c1d7dcbcacb3d2dba39b34-225x300.jpg 225w, https:\/\/www.leben-atmen.com\/wp-content\/blogs.dir\/10\/files\/2017\/07\/866a036464c1d7dcbcacb3d2dba39b34-768x1024.jpg 768w\" sizes=\"auto, (max-width: 900px) 100vw, 900px\" \/><\/a><a href=\"https:\/\/www.leben-atmen.com\/wp-content\/blogs.dir\/10\/files\/2017\/07\/d398702f1b503139fee795621533f98b.jpg\" data-rel=\"lightbox-image-2\" data-rl_title=\"\" data-rl_caption=\"\" title=\"\"><img loading=\"lazy\" decoding=\"async\" src=\"https:\/\/www.leben-atmen.com\/wp-content\/blogs.dir\/10\/files\/2017\/07\/d398702f1b503139fee795621533f98b.jpg\" alt=\"\" width=\"900\" height=\"1200\" class=\"alignnone size-full wp-image-124\" srcset=\"https:\/\/www.leben-atmen.com\/wp-content\/blogs.dir\/10\/files\/2017\/07\/d398702f1b503139fee795621533f98b.jpg 900w, https:\/\/www.leben-atmen.com\/wp-content\/blogs.dir\/10\/files\/2017\/07\/d398702f1b503139fee795621533f98b-225x300.jpg 225w, https:\/\/www.leben-atmen.com\/wp-content\/blogs.dir\/10\/files\/2017\/07\/d398702f1b503139fee795621533f98b-768x1024.jpg 768w\" sizes=\"auto, (max-width: 900px) 100vw, 900px\" \/><\/a><\/p>\n","protected":false},"excerpt":{"rendered":"<p>Heute sind wir ausnahmsweise einmal mit dem Fahrrad hier! Wir besuchen die Stadt oft im Winter, wenn wir einen Ruhetag beim Skifahren einlegen. Es ist sehr sch\u00f6n heute und die Antwort auf die Stadt war ruhig. Hier k\u00f6nnte ich mir &hellip; <a href=\"https:\/\/www.leben-atmen.com\/sueditalien\/2017\/07\/06\/stadt-innsbruck-in-neuem-licht\/\">Weiterlesen <span class=\"meta-nav\">&rarr;<\/span><\/a><\/p>\n","protected":false},"author":2,"featured_media":0,"comment_status":"open","ping_status":"open","sticky":false,"template":"","format":"standard","meta":{"_jetpack_memberships_contains_paid_content":false,"footnotes":""},"categories":[1],"tags":[],"class_list":["post-125","post","type-post","status-publish","format-standard","hentry","category-allgemein"],"jetpack_featured_media_url":"","jetpack_sharing_enabled":true,"_links":{"self":[{"href":"https:\/\/www.leben-atmen.com\/sueditalien\/wp-json\/wp\/v2\/posts\/125","targetHints":{"allow":["GET"]}}],"collection":[{"href":"https:\/\/www.leben-atmen.com\/sueditalien\/wp-json\/wp\/v2\/posts"}],"about":[{"href":"https:\/\/www.leben-atmen.com\/sueditalien\/wp-json\/wp\/v2\/types\/post"}],"author":[{"embeddable":true,"href":"https:\/\/www.leben-atmen.com\/sueditalien\/wp-json\/wp\/v2\/users\/2"}],"replies":[{"embeddable":true,"href":"https:\/\/www.leben-atmen.com\/sueditalien\/wp-json\/wp\/v2\/comments?post=125"}],"version-history":[{"count":1,"href":"https:\/\/www.leben-atmen.com\/sueditalien\/wp-json\/wp\/v2\/posts\/125\/revisions"}],"predecessor-version":[{"id":126,"href":"https:\/\/www.leben-atmen.com\/sueditalien\/wp-json\/wp\/v2\/posts\/125\/revisions\/126"}],"wp:attachment":[{"href":"https:\/\/www.leben-atmen.com\/sueditalien\/wp-json\/wp\/v2\/media?parent=125"}],"wp:term":[{"taxonomy":"category","embeddable":true,"href":"https:\/\/www.leben-atmen.com\/sueditalien\/wp-json\/wp\/v2\/categories?post=125"},{"taxonomy":"post_tag","embeddable":true,"href":"https:\/\/www.leben-atmen.com\/sueditalien\/wp-json\/wp\/v2\/tags?post=125"}],"curies":[{"name":"wp","href":"https:\/\/api.w.org\/{rel}","templated":true}]}}