{"id":105,"date":"2017-07-05T14:11:45","date_gmt":"2017-07-05T12:11:45","guid":{"rendered":"https:\/\/www.leben-atmen.com\/sueditalien\/?p=105"},"modified":"2017-07-05T14:11:45","modified_gmt":"2017-07-05T12:11:45","slug":"der-radweg-fuehrt-direkt-am-see-entlang","status":"publish","type":"post","link":"https:\/\/www.leben-atmen.com\/sueditalien\/2017\/07\/05\/der-radweg-fuehrt-direkt-am-see-entlang\/","title":{"rendered":"Der Radweg f\u00fchrt direkt am See entlang"},"content":{"rendered":"<p>So kann man als Radfahrer diese wundersch\u00f6ne Natur in vollen Z\u00fcgen genie\u00dfen.<\/p>\n<p><a href=\"https:\/\/www.leben-atmen.com\/wp-content\/blogs.dir\/10\/files\/2017\/07\/62b3a08ba49684093a4d0c1d7c71aaed.jpg\" data-rel=\"lightbox-image-0\" data-rl_title=\"\" data-rl_caption=\"\" title=\"\"><img loading=\"lazy\" decoding=\"async\" src=\"https:\/\/www.leben-atmen.com\/wp-content\/blogs.dir\/10\/files\/2017\/07\/62b3a08ba49684093a4d0c1d7c71aaed.jpg\" alt=\"\" width=\"852\" height=\"1136\" class=\"alignnone size-full wp-image-103\" srcset=\"https:\/\/www.leben-atmen.com\/wp-content\/blogs.dir\/10\/files\/2017\/07\/62b3a08ba49684093a4d0c1d7c71aaed.jpg 852w, https:\/\/www.leben-atmen.com\/wp-content\/blogs.dir\/10\/files\/2017\/07\/62b3a08ba49684093a4d0c1d7c71aaed-225x300.jpg 225w, https:\/\/www.leben-atmen.com\/wp-content\/blogs.dir\/10\/files\/2017\/07\/62b3a08ba49684093a4d0c1d7c71aaed-768x1024.jpg 768w\" sizes=\"auto, (max-width: 852px) 100vw, 852px\" \/><\/a><a href=\"https:\/\/www.leben-atmen.com\/wp-content\/blogs.dir\/10\/files\/2017\/07\/38e890d3be5f6f64a8ae11db3e33fb66.jpg\" data-rel=\"lightbox-image-1\" data-rl_title=\"\" data-rl_caption=\"\" title=\"\"><img loading=\"lazy\" decoding=\"async\" src=\"https:\/\/www.leben-atmen.com\/wp-content\/blogs.dir\/10\/files\/2017\/07\/38e890d3be5f6f64a8ae11db3e33fb66.jpg\" alt=\"\" width=\"974\" height=\"1300\" class=\"alignnone size-full wp-image-104\" srcset=\"https:\/\/www.leben-atmen.com\/wp-content\/blogs.dir\/10\/files\/2017\/07\/38e890d3be5f6f64a8ae11db3e33fb66.jpg 974w, https:\/\/www.leben-atmen.com\/wp-content\/blogs.dir\/10\/files\/2017\/07\/38e890d3be5f6f64a8ae11db3e33fb66-225x300.jpg 225w, https:\/\/www.leben-atmen.com\/wp-content\/blogs.dir\/10\/files\/2017\/07\/38e890d3be5f6f64a8ae11db3e33fb66-768x1025.jpg 768w, https:\/\/www.leben-atmen.com\/wp-content\/blogs.dir\/10\/files\/2017\/07\/38e890d3be5f6f64a8ae11db3e33fb66-767x1024.jpg 767w\" sizes=\"auto, (max-width: 974px) 100vw, 974px\" \/><\/a><\/p>\n","protected":false},"excerpt":{"rendered":"<p>So kann man als Radfahrer diese wundersch\u00f6ne Natur in vollen Z\u00fcgen genie\u00dfen.<\/p>\n","protected":false},"author":3,"featured_media":0,"comment_status":"open","ping_status":"open","sticky":false,"template":"","format":"standard","meta":{"_jetpack_memberships_contains_paid_content":false,"footnotes":""},"categories":[1],"tags":[],"class_list":["post-105","post","type-post","status-publish","format-standard","hentry","category-allgemein"],"jetpack_featured_media_url":"","jetpack_sharing_enabled":true,"_links":{"self":[{"href":"https:\/\/www.leben-atmen.com\/sueditalien\/wp-json\/wp\/v2\/posts\/105","targetHints":{"allow":["GET"]}}],"collection":[{"href":"https:\/\/www.leben-atmen.com\/sueditalien\/wp-json\/wp\/v2\/posts"}],"about":[{"href":"https:\/\/www.leben-atmen.com\/sueditalien\/wp-json\/wp\/v2\/types\/post"}],"author":[{"embeddable":true,"href":"https:\/\/www.leben-atmen.com\/sueditalien\/wp-json\/wp\/v2\/users\/3"}],"replies":[{"embeddable":true,"href":"https:\/\/www.leben-atmen.com\/sueditalien\/wp-json\/wp\/v2\/comments?post=105"}],"version-history":[{"count":1,"href":"https:\/\/www.leben-atmen.com\/sueditalien\/wp-json\/wp\/v2\/posts\/105\/revisions"}],"predecessor-version":[{"id":106,"href":"https:\/\/www.leben-atmen.com\/sueditalien\/wp-json\/wp\/v2\/posts\/105\/revisions\/106"}],"wp:attachment":[{"href":"https:\/\/www.leben-atmen.com\/sueditalien\/wp-json\/wp\/v2\/media?parent=105"}],"wp:term":[{"taxonomy":"category","embeddable":true,"href":"https:\/\/www.leben-atmen.com\/sueditalien\/wp-json\/wp\/v2\/categories?post=105"},{"taxonomy":"post_tag","embeddable":true,"href":"https:\/\/www.leben-atmen.com\/sueditalien\/wp-json\/wp\/v2\/tags?post=105"}],"curies":[{"name":"wp","href":"https:\/\/api.w.org\/{rel}","templated":true}]}}