{"id":58,"date":"2024-06-16T11:53:09","date_gmt":"2024-06-16T09:53:09","guid":{"rendered":"https:\/\/www.leben-atmen.com\/spanien\/?p=58"},"modified":"2024-06-17T16:53:54","modified_gmt":"2024-06-17T14:53:54","slug":"start-der-radtour-am-18-juni-2024","status":"publish","type":"post","link":"https:\/\/www.leben-atmen.com\/spanien\/2024\/06\/16\/start-der-radtour-am-18-juni-2024\/","title":{"rendered":"Start der Radtour am 18. Juni 2024"},"content":{"rendered":"\n<p>In zwei Tagen geht es nun los. Aber, wir machen es andersrum: wir fliegen mit unseren Fahrr\u00e4dern nach Madrid und von dort aus radeln wir dann zur\u00fcck nach Obergriesbach. <\/p>\n\n\n\n<p><p>Warum machen wir das? Nun, es ist f\u00fcr uns deutlich einfacher hier in Deutschland die Fahrr\u00e4der in entsprechende Kartons ordentlich verpacken zu k\u00f6nnen, als es vermutlich in Madrid m\u00f6glich w\u00e4re. Zudem m\u00fcssten wir dann kurzfristig, da wir nicht wissen, wann wir in Madrid ankommen, dort einen Flug mit Fahrradmitnahme buchen. Was sicherlich ziemlich teuer werden w\u00fcrde. Hier nun haben wir einen Abflug in M\u00fcnchen schon vor einigen Wochen organisiert, der ist relativ preisg\u00fcnstig und die Fahrradmitnahme haben wir angemeldet.Dazu m\u00fcssen die Fahrr\u00e4der in passende Kartons verpackt werden. Wir schrauben die Pedale ab und stellen den Lenker quer. Auch das Vorderrad m\u00fcssen wir entfernen da sonst der Karton zu gro\u00df f\u00fcr die Fahrradmitnahme w\u00e4re. In den Karton k\u00f6nnen wir dann noch einige Satteltaschen legen und so das Fahrrad gut f\u00fcr den Transport polstern.<\/p><\/p>\n\n\n\n<p>in zwei Tagen geht es also los und wir sind schon sehr aufgeregt und neugierig. Wir waren mit dem Fahrrad bereits zweimal in Spanien unterwegs und haben das Land in sehr guter Erinnerung. Beste Gastfreundschaft und leckeres Essen sowie ein sehr fahrradfreundliches Volk haben wir in Spanien kennen lernen d\u00fcrfen. Und wir hoffen, dass es sich heuer genauso verh\u00e4lt.<\/p>\n\n\n\n<p><\/p>\n\n\n\n<p><\/p>\n","protected":false},"excerpt":{"rendered":"<p>In zwei Tagen geht es nun los. Aber, wir machen es andersrum: wir fliegen mit unseren Fahrr\u00e4dern nach Madrid und von dort aus radeln wir dann zur\u00fcck nach Obergriesbach. Warum machen wir das? Nun, es ist f\u00fcr uns deutlich einfacher hier in Deutschland die Fahrr\u00e4der in entsprechende Kartons ordentlich verpacken zu k\u00f6nnen, als es vermutlich [&hellip;]<\/p>\n","protected":false},"author":3,"featured_media":0,"comment_status":"closed","ping_status":"open","sticky":false,"template":"","format":"standard","meta":{"jetpack_post_was_ever_published":false,"_jetpack_newsletter_access":"","_jetpack_dont_email_post_to_subs":false,"_jetpack_newsletter_tier_id":0,"_jetpack_memberships_contains_paywalled_content":false,"_jetpack_memberships_contains_paid_content":false,"footnotes":"","jetpack_publicize_message":"","jetpack_publicize_feature_enabled":true,"jetpack_social_post_already_shared":true,"jetpack_social_options":{"image_generator_settings":{"template":"highway","default_image_id":0,"font":"","enabled":false},"version":2}},"categories":[1],"tags":[],"class_list":["post-58","post","type-post","status-publish","format-standard","hentry","category-allgemein"],"jetpack_publicize_connections":[],"jetpack_featured_media_url":"","jetpack_sharing_enabled":true,"jetpack_likes_enabled":true,"_links":{"self":[{"href":"https:\/\/www.leben-atmen.com\/spanien\/wp-json\/wp\/v2\/posts\/58","targetHints":{"allow":["GET"]}}],"collection":[{"href":"https:\/\/www.leben-atmen.com\/spanien\/wp-json\/wp\/v2\/posts"}],"about":[{"href":"https:\/\/www.leben-atmen.com\/spanien\/wp-json\/wp\/v2\/types\/post"}],"author":[{"embeddable":true,"href":"https:\/\/www.leben-atmen.com\/spanien\/wp-json\/wp\/v2\/users\/3"}],"replies":[{"embeddable":true,"href":"https:\/\/www.leben-atmen.com\/spanien\/wp-json\/wp\/v2\/comments?post=58"}],"version-history":[{"count":2,"href":"https:\/\/www.leben-atmen.com\/spanien\/wp-json\/wp\/v2\/posts\/58\/revisions"}],"predecessor-version":[{"id":76,"href":"https:\/\/www.leben-atmen.com\/spanien\/wp-json\/wp\/v2\/posts\/58\/revisions\/76"}],"wp:attachment":[{"href":"https:\/\/www.leben-atmen.com\/spanien\/wp-json\/wp\/v2\/media?parent=58"}],"wp:term":[{"taxonomy":"category","embeddable":true,"href":"https:\/\/www.leben-atmen.com\/spanien\/wp-json\/wp\/v2\/categories?post=58"},{"taxonomy":"post_tag","embeddable":true,"href":"https:\/\/www.leben-atmen.com\/spanien\/wp-json\/wp\/v2\/tags?post=58"}],"curies":[{"name":"wp","href":"https:\/\/api.w.org\/{rel}","templated":true}]}}