{"id":309,"date":"2024-07-02T17:43:47","date_gmt":"2024-07-02T15:43:47","guid":{"rendered":"https:\/\/www.leben-atmen.com\/spanien\/?p=309"},"modified":"2024-07-02T17:43:47","modified_gmt":"2024-07-02T15:43:47","slug":"salvador-dali-museum-figueres","status":"publish","type":"post","link":"https:\/\/www.leben-atmen.com\/spanien\/2024\/07\/02\/salvador-dali-museum-figueres\/","title":{"rendered":"Salvador Dali Museum Figueres\ufffc"},"content":{"rendered":"\n<p>Als wir vor zw\u00f6lf Jahren hier in Figueres waren, sind wir vorbeigefahren. Ich hatte das in all den Jahren nicht vergessen und dachte mir, hier komme ich wohl nie mehr her. Jetzt haben wir es doch geschafft! Wir waren im Salvador Dali Theater Museum. Dieses Geb\u00e4ude war ein ehemaliges zerst\u00f6rtes Stadttheater und der K\u00fcnstler w\u00e4hlte diesen Platz, um seinen eigenen Tempel aufzubauen. All das Innere ist von ihm selbst ausgestaltet, selbst sein Grab befindet sich hier.<\/p>\n\n\n\n<p>Die Werke sind meisterhaft, und die Malerei ist wirklich interessant anzusehen.<\/p>\n\n\n\n<p>Leider ist auch hier die ganze Welt vertreten &#8211; selbst sogar eine riesige Truppe t\u00fcrkischer Besucher fegt lautstark durch die R\u00e4ume. Auch hier gilt: das Foto ist wichtiger als das Erleben des einzelnen Kunstwerks. Mit der Zeit geht mir der Trubel auf die Nerven.<\/p>\n\n\n\n<p>Wir haben genug gesehen, und finden abschlie\u00dfend, dass Salvador Dali ein gro\u00dfer K\u00fcnstler seiner Zeit gewesen ist.<\/p>\n\n\n\n<figure class=\"wp-block-image size-large\"><img data-recalc-dims=\"1\" loading=\"lazy\" decoding=\"async\" width=\"612\" height=\"817\" src=\"https:\/\/i0.wp.com\/www.leben-atmen.com\/wp-content\/blogs.dir\/17\/files\/sites\/17\/2024\/07\/46ce3e7513835174a770bb20dab67940.jpg?resize=612%2C817&#038;ssl=1\" class=\"wp-image-306\" srcset=\"https:\/\/i0.wp.com\/www.leben-atmen.com\/wp-content\/blogs.dir\/17\/files\/sites\/17\/2024\/07\/46ce3e7513835174a770bb20dab67940.jpg?resize=767%2C1024&amp;ssl=1 767w, https:\/\/i0.wp.com\/www.leben-atmen.com\/wp-content\/blogs.dir\/17\/files\/sites\/17\/2024\/07\/46ce3e7513835174a770bb20dab67940.jpg?resize=225%2C300&amp;ssl=1 225w, https:\/\/i0.wp.com\/www.leben-atmen.com\/wp-content\/blogs.dir\/17\/files\/sites\/17\/2024\/07\/46ce3e7513835174a770bb20dab67940.jpg?resize=768%2C1025&amp;ssl=1 768w, https:\/\/i0.wp.com\/www.leben-atmen.com\/wp-content\/blogs.dir\/17\/files\/sites\/17\/2024\/07\/46ce3e7513835174a770bb20dab67940.jpg?w=1124&amp;ssl=1 1124w\" sizes=\"auto, (max-width: 612px) 100vw, 612px\" \/><\/figure>\n\n\n\n<figure class=\"wp-block-image size-large\"><img data-recalc-dims=\"1\" loading=\"lazy\" decoding=\"async\" width=\"612\" height=\"817\" src=\"https:\/\/i0.wp.com\/www.leben-atmen.com\/wp-content\/blogs.dir\/17\/files\/sites\/17\/2024\/07\/0e11f32a46be3e953366bb9c2dc56de7.jpg?resize=612%2C817&#038;ssl=1\" class=\"wp-image-307\" srcset=\"https:\/\/i0.wp.com\/www.leben-atmen.com\/wp-content\/blogs.dir\/17\/files\/sites\/17\/2024\/07\/0e11f32a46be3e953366bb9c2dc56de7.jpg?resize=767%2C1024&amp;ssl=1 767w, https:\/\/i0.wp.com\/www.leben-atmen.com\/wp-content\/blogs.dir\/17\/files\/sites\/17\/2024\/07\/0e11f32a46be3e953366bb9c2dc56de7.jpg?resize=225%2C300&amp;ssl=1 225w, https:\/\/i0.wp.com\/www.leben-atmen.com\/wp-content\/blogs.dir\/17\/files\/sites\/17\/2024\/07\/0e11f32a46be3e953366bb9c2dc56de7.jpg?resize=768%2C1025&amp;ssl=1 768w, https:\/\/i0.wp.com\/www.leben-atmen.com\/wp-content\/blogs.dir\/17\/files\/sites\/17\/2024\/07\/0e11f32a46be3e953366bb9c2dc56de7.jpg?w=1124&amp;ssl=1 1124w\" sizes=\"auto, (max-width: 612px) 100vw, 612px\" \/><\/figure>\n\n\n\n<figure class=\"wp-block-image size-large\"><img data-recalc-dims=\"1\" loading=\"lazy\" decoding=\"async\" width=\"612\" height=\"817\" src=\"https:\/\/i0.wp.com\/www.leben-atmen.com\/wp-content\/blogs.dir\/17\/files\/sites\/17\/2024\/07\/e77fc3b5fee3ce3d0f67a86ba2b6d4fd.jpg?resize=612%2C817&#038;ssl=1\" class=\"wp-image-308\" srcset=\"https:\/\/i0.wp.com\/www.leben-atmen.com\/wp-content\/blogs.dir\/17\/files\/sites\/17\/2024\/07\/e77fc3b5fee3ce3d0f67a86ba2b6d4fd.jpg?resize=767%2C1024&amp;ssl=1 767w, https:\/\/i0.wp.com\/www.leben-atmen.com\/wp-content\/blogs.dir\/17\/files\/sites\/17\/2024\/07\/e77fc3b5fee3ce3d0f67a86ba2b6d4fd.jpg?resize=225%2C300&amp;ssl=1 225w, https:\/\/i0.wp.com\/www.leben-atmen.com\/wp-content\/blogs.dir\/17\/files\/sites\/17\/2024\/07\/e77fc3b5fee3ce3d0f67a86ba2b6d4fd.jpg?resize=768%2C1025&amp;ssl=1 768w, https:\/\/i0.wp.com\/www.leben-atmen.com\/wp-content\/blogs.dir\/17\/files\/sites\/17\/2024\/07\/e77fc3b5fee3ce3d0f67a86ba2b6d4fd.jpg?w=1124&amp;ssl=1 1124w\" sizes=\"auto, (max-width: 612px) 100vw, 612px\" \/><\/figure>\n\n\n\n<p><\/p>\n","protected":false},"excerpt":{"rendered":"<p>Als wir vor zw\u00f6lf Jahren hier in Figueres waren, sind wir vorbeigefahren. Ich hatte das in all den Jahren nicht vergessen und dachte mir, hier komme ich wohl nie mehr her. Jetzt haben wir es doch geschafft! Wir waren im Salvador Dali Theater Museum. Dieses Geb\u00e4ude war ein ehemaliges zerst\u00f6rtes Stadttheater und der K\u00fcnstler w\u00e4hlte [&hellip;]<\/p>\n","protected":false},"author":3,"featured_media":0,"comment_status":"closed","ping_status":"open","sticky":false,"template":"","format":"standard","meta":{"jetpack_post_was_ever_published":false,"_jetpack_newsletter_access":"","_jetpack_dont_email_post_to_subs":false,"_jetpack_newsletter_tier_id":0,"_jetpack_memberships_contains_paywalled_content":false,"_jetpack_memberships_contains_paid_content":false,"footnotes":"","jetpack_publicize_message":"","jetpack_publicize_feature_enabled":true,"jetpack_social_post_already_shared":true,"jetpack_social_options":{"image_generator_settings":{"template":"highway","default_image_id":0,"font":"","enabled":false},"version":2}},"categories":[1],"tags":[],"class_list":["post-309","post","type-post","status-publish","format-standard","hentry","category-allgemein"],"jetpack_publicize_connections":[],"jetpack_featured_media_url":"","jetpack_sharing_enabled":true,"jetpack_likes_enabled":true,"_links":{"self":[{"href":"https:\/\/www.leben-atmen.com\/spanien\/wp-json\/wp\/v2\/posts\/309","targetHints":{"allow":["GET"]}}],"collection":[{"href":"https:\/\/www.leben-atmen.com\/spanien\/wp-json\/wp\/v2\/posts"}],"about":[{"href":"https:\/\/www.leben-atmen.com\/spanien\/wp-json\/wp\/v2\/types\/post"}],"author":[{"embeddable":true,"href":"https:\/\/www.leben-atmen.com\/spanien\/wp-json\/wp\/v2\/users\/3"}],"replies":[{"embeddable":true,"href":"https:\/\/www.leben-atmen.com\/spanien\/wp-json\/wp\/v2\/comments?post=309"}],"version-history":[{"count":1,"href":"https:\/\/www.leben-atmen.com\/spanien\/wp-json\/wp\/v2\/posts\/309\/revisions"}],"predecessor-version":[{"id":310,"href":"https:\/\/www.leben-atmen.com\/spanien\/wp-json\/wp\/v2\/posts\/309\/revisions\/310"}],"wp:attachment":[{"href":"https:\/\/www.leben-atmen.com\/spanien\/wp-json\/wp\/v2\/media?parent=309"}],"wp:term":[{"taxonomy":"category","embeddable":true,"href":"https:\/\/www.leben-atmen.com\/spanien\/wp-json\/wp\/v2\/categories?post=309"},{"taxonomy":"post_tag","embeddable":true,"href":"https:\/\/www.leben-atmen.com\/spanien\/wp-json\/wp\/v2\/tags?post=309"}],"curies":[{"name":"wp","href":"https:\/\/api.w.org\/{rel}","templated":true}]}}