{"id":704,"date":"2020-07-29T11:59:17","date_gmt":"2020-07-29T09:59:17","guid":{"rendered":"https:\/\/www.leben-atmen.com\/radtour2020\/2020\/07\/29\/tiroler-schaemt-euch\/"},"modified":"2020-07-29T11:59:17","modified_gmt":"2020-07-29T09:59:17","slug":"tiroler-schaemt-euch","status":"publish","type":"post","link":"https:\/\/www.leben-atmen.com\/radtour2020\/2020\/07\/29\/tiroler-schaemt-euch\/","title":{"rendered":"Tiroler sch\u00e4mt euch"},"content":{"rendered":"<p>Jetzt haben die Tiroler so wundersch\u00f6ne Fernradwege: via Claudia Augusta, M\u00fcnchen-Venedig. Doch sie erachten es als nicht notwendig, entsprechende Radwege anzubieten. So wie jetzt Brenner abw\u00e4rts: man f\u00e4hrt auf der Bundesstra\u00dfe. W\u00e4hrend es abw\u00e4rts noch ganz in Ordnung ist, weil man schnell unterwegs ist, ist es aufw\u00e4rts faktisch lebensgef\u00e4hrlich.\ufffc\ufffc es waren jedoch viele Radfahrer hinauf, und setzen sich diesem Risiko aus. Bereits 2013 haben wir mehrmals die Tiroler darauf aufmerksam gemacht, dass bessere Radwege nach Tirol hinein geh\u00f6ren.<\/p>\n<p>Doch es ist \u00fcberhaupt nichts passiert. Wenn man oben am Brenner in Richtung Italien f\u00e4hrt beginnt sofort ein wundersch\u00f6ner Fahrradweg bis hinunter nach Venedig. Tirol sch\u00e4me dich.\ufffc\ufffc\ufffc<\/p>\n<p><img data-recalc-dims=\"1\" loading=\"lazy\" decoding=\"async\" src=\"https:\/\/i0.wp.com\/www.leben-atmen.com\/wp-content\/blogs.dir\/13\/files\/sites\/13\/2020\/07\/511359b5bc3d933622ac0269d59ef15a.jpg?resize=612%2C816&#038;ssl=1\" class=\"size-full wp-image-703\" width=\"612\" height=\"816\" srcset=\"https:\/\/i0.wp.com\/www.leben-atmen.com\/wp-content\/blogs.dir\/13\/files\/sites\/13\/2020\/07\/511359b5bc3d933622ac0269d59ef15a.jpg?w=1050&amp;ssl=1 1050w, https:\/\/i0.wp.com\/www.leben-atmen.com\/wp-content\/blogs.dir\/13\/files\/sites\/13\/2020\/07\/511359b5bc3d933622ac0269d59ef15a.jpg?resize=225%2C300&amp;ssl=1 225w, https:\/\/i0.wp.com\/www.leben-atmen.com\/wp-content\/blogs.dir\/13\/files\/sites\/13\/2020\/07\/511359b5bc3d933622ac0269d59ef15a.jpg?resize=768%2C1024&amp;ssl=1 768w\" sizes=\"auto, (max-width: 612px) 100vw, 612px\" \/><\/p>\n","protected":false},"excerpt":{"rendered":"<p>Jetzt haben die Tiroler so wundersch\u00f6ne Fernradwege: via Claudia Augusta, M\u00fcnchen-Venedig. Doch sie erachten es als nicht notwendig, entsprechende Radwege anzubieten. So wie jetzt Brenner abw\u00e4rts: man f\u00e4hrt auf der Bundesstra\u00dfe. W\u00e4hrend es abw\u00e4rts noch ganz in Ordnung ist, weil man schnell unterwegs ist, ist es aufw\u00e4rts faktisch lebensgef\u00e4hrlich.\ufffc\ufffc es waren jedoch viele Radfahrer hinauf, [&hellip;]<\/p>\n","protected":false},"author":1,"featured_media":0,"comment_status":"open","ping_status":"closed","sticky":false,"template":"","format":"standard","meta":{"jetpack_post_was_ever_published":false,"_jetpack_newsletter_access":"","_jetpack_dont_email_post_to_subs":false,"_jetpack_newsletter_tier_id":0,"_jetpack_memberships_contains_paywalled_content":false,"_jetpack_memberships_contains_paid_content":false,"footnotes":"","jetpack_publicize_message":"","jetpack_publicize_feature_enabled":true,"jetpack_social_post_already_shared":true,"jetpack_social_options":{"image_generator_settings":{"template":"highway","default_image_id":0,"font":"","enabled":false},"version":2}},"categories":[1],"tags":[],"class_list":["post-704","post","type-post","status-publish","format-standard","hentry","category-allgemein"],"jetpack_publicize_connections":[],"jetpack_featured_media_url":"","jetpack_sharing_enabled":true,"jetpack_likes_enabled":true,"_links":{"self":[{"href":"https:\/\/www.leben-atmen.com\/radtour2020\/wp-json\/wp\/v2\/posts\/704","targetHints":{"allow":["GET"]}}],"collection":[{"href":"https:\/\/www.leben-atmen.com\/radtour2020\/wp-json\/wp\/v2\/posts"}],"about":[{"href":"https:\/\/www.leben-atmen.com\/radtour2020\/wp-json\/wp\/v2\/types\/post"}],"author":[{"embeddable":true,"href":"https:\/\/www.leben-atmen.com\/radtour2020\/wp-json\/wp\/v2\/users\/1"}],"replies":[{"embeddable":true,"href":"https:\/\/www.leben-atmen.com\/radtour2020\/wp-json\/wp\/v2\/comments?post=704"}],"version-history":[{"count":0,"href":"https:\/\/www.leben-atmen.com\/radtour2020\/wp-json\/wp\/v2\/posts\/704\/revisions"}],"wp:attachment":[{"href":"https:\/\/www.leben-atmen.com\/radtour2020\/wp-json\/wp\/v2\/media?parent=704"}],"wp:term":[{"taxonomy":"category","embeddable":true,"href":"https:\/\/www.leben-atmen.com\/radtour2020\/wp-json\/wp\/v2\/categories?post=704"},{"taxonomy":"post_tag","embeddable":true,"href":"https:\/\/www.leben-atmen.com\/radtour2020\/wp-json\/wp\/v2\/tags?post=704"}],"curies":[{"name":"wp","href":"https:\/\/api.w.org\/{rel}","templated":true}]}}