{"id":685,"date":"2020-07-28T13:26:49","date_gmt":"2020-07-28T11:26:49","guid":{"rendered":"https:\/\/www.leben-atmen.com\/radtour2020\/2020\/07\/28\/von-der-freude-des-radreisens\/"},"modified":"2020-07-28T13:26:49","modified_gmt":"2020-07-28T11:26:49","slug":"von-der-freude-des-radreisens","status":"publish","type":"post","link":"https:\/\/www.leben-atmen.com\/radtour2020\/2020\/07\/28\/von-der-freude-des-radreisens\/","title":{"rendered":"Von der Freude des Radreisens"},"content":{"rendered":"<p>Ja, es ist einfach herrlich: wir genie\u00dfen den ganzen Tag \u00fcber diesen wundersch\u00f6nen Fahrradweg im Eisacktal. Dann erreichen wir Brixen und k\u00f6nnen mit dem Fahrrad in wenigen Minuten direkt ins Zentrum fahren. Wir denken gar nicht dar\u00fcber nach wie kompliziert es mit einem Auto ist\ufffc. Bis der Parkplatz gefunden ist, dann der Fu\u00dfweg ins Zentrum\u2026<\/p>\n<p>Oder wenige Kilometer zuvor. Wir radeln einfach durch den wundersch\u00f6nen Ort Klausen hindurch. Und wann immer es uns beliebt, k\u00f6nnen wir stehen bleiben und genie\u00dfen\ufffc\ufffc.<\/p>\n<p><img data-recalc-dims=\"1\" loading=\"lazy\" decoding=\"async\" src=\"https:\/\/i0.wp.com\/www.leben-atmen.com\/wp-content\/blogs.dir\/13\/files\/sites\/13\/2020\/07\/a6e6b055c661e78e1923ebd480aadf23.jpg?resize=612%2C816&#038;ssl=1\" class=\"size-full wp-image-682\" width=\"612\" height=\"816\" srcset=\"https:\/\/i0.wp.com\/www.leben-atmen.com\/wp-content\/blogs.dir\/13\/files\/sites\/13\/2020\/07\/a6e6b055c661e78e1923ebd480aadf23.jpg?w=1050&amp;ssl=1 1050w, https:\/\/i0.wp.com\/www.leben-atmen.com\/wp-content\/blogs.dir\/13\/files\/sites\/13\/2020\/07\/a6e6b055c661e78e1923ebd480aadf23.jpg?resize=225%2C300&amp;ssl=1 225w, https:\/\/i0.wp.com\/www.leben-atmen.com\/wp-content\/blogs.dir\/13\/files\/sites\/13\/2020\/07\/a6e6b055c661e78e1923ebd480aadf23.jpg?resize=768%2C1024&amp;ssl=1 768w\" sizes=\"auto, (max-width: 612px) 100vw, 612px\" \/><img data-recalc-dims=\"1\" loading=\"lazy\" decoding=\"async\" src=\"https:\/\/i0.wp.com\/www.leben-atmen.com\/wp-content\/blogs.dir\/13\/files\/sites\/13\/2020\/07\/bd7f81d67ee4ab7ff9a21bc32bfcb913.jpg?resize=612%2C816&#038;ssl=1\" class=\"size-full wp-image-684\" width=\"612\" height=\"816\" srcset=\"https:\/\/i0.wp.com\/www.leben-atmen.com\/wp-content\/blogs.dir\/13\/files\/sites\/13\/2020\/07\/bd7f81d67ee4ab7ff9a21bc32bfcb913.jpg?w=1050&amp;ssl=1 1050w, https:\/\/i0.wp.com\/www.leben-atmen.com\/wp-content\/blogs.dir\/13\/files\/sites\/13\/2020\/07\/bd7f81d67ee4ab7ff9a21bc32bfcb913.jpg?resize=225%2C300&amp;ssl=1 225w, https:\/\/i0.wp.com\/www.leben-atmen.com\/wp-content\/blogs.dir\/13\/files\/sites\/13\/2020\/07\/bd7f81d67ee4ab7ff9a21bc32bfcb913.jpg?resize=768%2C1024&amp;ssl=1 768w\" sizes=\"auto, (max-width: 612px) 100vw, 612px\" \/><img data-recalc-dims=\"1\" loading=\"lazy\" decoding=\"async\" src=\"https:\/\/i0.wp.com\/www.leben-atmen.com\/wp-content\/blogs.dir\/13\/files\/sites\/13\/2020\/07\/a19eacf8b1e52245073acfeae35330d1.jpg?resize=612%2C459&#038;ssl=1\" class=\"size-full wp-image-683\" width=\"612\" height=\"459\" srcset=\"https:\/\/i0.wp.com\/www.leben-atmen.com\/wp-content\/blogs.dir\/13\/files\/sites\/13\/2020\/07\/a19eacf8b1e52245073acfeae35330d1.jpg?w=1400&amp;ssl=1 1400w, https:\/\/i0.wp.com\/www.leben-atmen.com\/wp-content\/blogs.dir\/13\/files\/sites\/13\/2020\/07\/a19eacf8b1e52245073acfeae35330d1.jpg?resize=300%2C225&amp;ssl=1 300w, https:\/\/i0.wp.com\/www.leben-atmen.com\/wp-content\/blogs.dir\/13\/files\/sites\/13\/2020\/07\/a19eacf8b1e52245073acfeae35330d1.jpg?resize=1024%2C768&amp;ssl=1 1024w, https:\/\/i0.wp.com\/www.leben-atmen.com\/wp-content\/blogs.dir\/13\/files\/sites\/13\/2020\/07\/a19eacf8b1e52245073acfeae35330d1.jpg?resize=768%2C576&amp;ssl=1 768w, https:\/\/i0.wp.com\/www.leben-atmen.com\/wp-content\/blogs.dir\/13\/files\/sites\/13\/2020\/07\/a19eacf8b1e52245073acfeae35330d1.jpg?resize=1200%2C900&amp;ssl=1 1200w\" sizes=\"auto, (max-width: 612px) 100vw, 612px\" \/><\/p>\n","protected":false},"excerpt":{"rendered":"<p>Ja, es ist einfach herrlich: wir genie\u00dfen den ganzen Tag \u00fcber diesen wundersch\u00f6nen Fahrradweg im Eisacktal. Dann erreichen wir Brixen und k\u00f6nnen mit dem Fahrrad in wenigen Minuten direkt ins Zentrum fahren. Wir denken gar nicht dar\u00fcber nach wie kompliziert es mit einem Auto ist\ufffc. Bis der Parkplatz gefunden ist, dann der Fu\u00dfweg ins Zentrum\u2026 [&hellip;]<\/p>\n","protected":false},"author":1,"featured_media":0,"comment_status":"open","ping_status":"closed","sticky":false,"template":"","format":"standard","meta":{"jetpack_post_was_ever_published":false,"_jetpack_newsletter_access":"","_jetpack_dont_email_post_to_subs":false,"_jetpack_newsletter_tier_id":0,"_jetpack_memberships_contains_paywalled_content":false,"_jetpack_memberships_contains_paid_content":false,"footnotes":"","jetpack_publicize_message":"","jetpack_publicize_feature_enabled":true,"jetpack_social_post_already_shared":true,"jetpack_social_options":{"image_generator_settings":{"template":"highway","default_image_id":0,"font":"","enabled":false},"version":2}},"categories":[1],"tags":[],"class_list":["post-685","post","type-post","status-publish","format-standard","hentry","category-allgemein"],"jetpack_publicize_connections":[],"jetpack_featured_media_url":"","jetpack_sharing_enabled":true,"jetpack_likes_enabled":true,"_links":{"self":[{"href":"https:\/\/www.leben-atmen.com\/radtour2020\/wp-json\/wp\/v2\/posts\/685","targetHints":{"allow":["GET"]}}],"collection":[{"href":"https:\/\/www.leben-atmen.com\/radtour2020\/wp-json\/wp\/v2\/posts"}],"about":[{"href":"https:\/\/www.leben-atmen.com\/radtour2020\/wp-json\/wp\/v2\/types\/post"}],"author":[{"embeddable":true,"href":"https:\/\/www.leben-atmen.com\/radtour2020\/wp-json\/wp\/v2\/users\/1"}],"replies":[{"embeddable":true,"href":"https:\/\/www.leben-atmen.com\/radtour2020\/wp-json\/wp\/v2\/comments?post=685"}],"version-history":[{"count":0,"href":"https:\/\/www.leben-atmen.com\/radtour2020\/wp-json\/wp\/v2\/posts\/685\/revisions"}],"wp:attachment":[{"href":"https:\/\/www.leben-atmen.com\/radtour2020\/wp-json\/wp\/v2\/media?parent=685"}],"wp:term":[{"taxonomy":"category","embeddable":true,"href":"https:\/\/www.leben-atmen.com\/radtour2020\/wp-json\/wp\/v2\/categories?post=685"},{"taxonomy":"post_tag","embeddable":true,"href":"https:\/\/www.leben-atmen.com\/radtour2020\/wp-json\/wp\/v2\/tags?post=685"}],"curies":[{"name":"wp","href":"https:\/\/api.w.org\/{rel}","templated":true}]}}