{"id":681,"date":"2020-07-28T12:31:29","date_gmt":"2020-07-28T10:31:29","guid":{"rendered":"https:\/\/www.leben-atmen.com\/radtour2020\/2020\/07\/28\/brixen-erreicht\/"},"modified":"2020-07-28T12:31:29","modified_gmt":"2020-07-28T10:31:29","slug":"brixen-erreicht","status":"publish","type":"post","link":"https:\/\/www.leben-atmen.com\/radtour2020\/2020\/07\/28\/brixen-erreicht\/","title":{"rendered":"Brixen erreicht"},"content":{"rendered":"<p>Ja, die Tour f\u00fcr heute war uns klar: es geht stetig Berg auf. Wir sind nun in Brixen angekommen und haben die ersten etwa 400 H\u00f6henmeter gestrampelt. Weitere circa 400 H\u00f6henmeter nach Sterzing liegen noch vor uns.<\/p>\n<p>Brixen ist wieder einmal eine wundersch\u00f6ne Stadt, die zum Besuch und zum Verweilen einl\u00e4dt.\ufffc\ufffc\ufffc<\/p>\n<p><img data-recalc-dims=\"1\" loading=\"lazy\" decoding=\"async\" src=\"https:\/\/i0.wp.com\/www.leben-atmen.com\/wp-content\/blogs.dir\/13\/files\/sites\/13\/2020\/07\/9311d1293a93f28f2f0659d549360107.jpg?resize=612%2C459&#038;ssl=1\" class=\"size-full wp-image-678\" width=\"612\" height=\"459\" srcset=\"https:\/\/i0.wp.com\/www.leben-atmen.com\/wp-content\/blogs.dir\/13\/files\/sites\/13\/2020\/07\/9311d1293a93f28f2f0659d549360107.jpg?w=1400&amp;ssl=1 1400w, https:\/\/i0.wp.com\/www.leben-atmen.com\/wp-content\/blogs.dir\/13\/files\/sites\/13\/2020\/07\/9311d1293a93f28f2f0659d549360107.jpg?resize=300%2C225&amp;ssl=1 300w, https:\/\/i0.wp.com\/www.leben-atmen.com\/wp-content\/blogs.dir\/13\/files\/sites\/13\/2020\/07\/9311d1293a93f28f2f0659d549360107.jpg?resize=1024%2C768&amp;ssl=1 1024w, https:\/\/i0.wp.com\/www.leben-atmen.com\/wp-content\/blogs.dir\/13\/files\/sites\/13\/2020\/07\/9311d1293a93f28f2f0659d549360107.jpg?resize=768%2C576&amp;ssl=1 768w, https:\/\/i0.wp.com\/www.leben-atmen.com\/wp-content\/blogs.dir\/13\/files\/sites\/13\/2020\/07\/9311d1293a93f28f2f0659d549360107.jpg?resize=1200%2C900&amp;ssl=1 1200w\" sizes=\"auto, (max-width: 612px) 100vw, 612px\" \/><img data-recalc-dims=\"1\" loading=\"lazy\" decoding=\"async\" src=\"https:\/\/i0.wp.com\/www.leben-atmen.com\/wp-content\/blogs.dir\/13\/files\/sites\/13\/2020\/07\/cce4c0990c61fda56ae9d79a6c334d4e.jpg?resize=612%2C816&#038;ssl=1\" class=\"size-full wp-image-680\" width=\"612\" height=\"816\" srcset=\"https:\/\/i0.wp.com\/www.leben-atmen.com\/wp-content\/blogs.dir\/13\/files\/sites\/13\/2020\/07\/cce4c0990c61fda56ae9d79a6c334d4e.jpg?w=1050&amp;ssl=1 1050w, https:\/\/i0.wp.com\/www.leben-atmen.com\/wp-content\/blogs.dir\/13\/files\/sites\/13\/2020\/07\/cce4c0990c61fda56ae9d79a6c334d4e.jpg?resize=225%2C300&amp;ssl=1 225w, https:\/\/i0.wp.com\/www.leben-atmen.com\/wp-content\/blogs.dir\/13\/files\/sites\/13\/2020\/07\/cce4c0990c61fda56ae9d79a6c334d4e.jpg?resize=768%2C1024&amp;ssl=1 768w\" sizes=\"auto, (max-width: 612px) 100vw, 612px\" \/><img data-recalc-dims=\"1\" loading=\"lazy\" decoding=\"async\" src=\"https:\/\/i0.wp.com\/www.leben-atmen.com\/wp-content\/blogs.dir\/13\/files\/sites\/13\/2020\/07\/6d92dee395f02dd41bbc3922e785bc75.jpg?resize=612%2C816&#038;ssl=1\" class=\"size-full wp-image-679\" width=\"612\" height=\"816\" srcset=\"https:\/\/i0.wp.com\/www.leben-atmen.com\/wp-content\/blogs.dir\/13\/files\/sites\/13\/2020\/07\/6d92dee395f02dd41bbc3922e785bc75.jpg?w=1050&amp;ssl=1 1050w, https:\/\/i0.wp.com\/www.leben-atmen.com\/wp-content\/blogs.dir\/13\/files\/sites\/13\/2020\/07\/6d92dee395f02dd41bbc3922e785bc75.jpg?resize=225%2C300&amp;ssl=1 225w, https:\/\/i0.wp.com\/www.leben-atmen.com\/wp-content\/blogs.dir\/13\/files\/sites\/13\/2020\/07\/6d92dee395f02dd41bbc3922e785bc75.jpg?resize=768%2C1024&amp;ssl=1 768w\" sizes=\"auto, (max-width: 612px) 100vw, 612px\" \/><\/p>\n","protected":false},"excerpt":{"rendered":"<p>Ja, die Tour f\u00fcr heute war uns klar: es geht stetig Berg auf. Wir sind nun in Brixen angekommen und haben die ersten etwa 400 H\u00f6henmeter gestrampelt. Weitere circa 400 H\u00f6henmeter nach Sterzing liegen noch vor uns. Brixen ist wieder einmal eine wundersch\u00f6ne Stadt, die zum Besuch und zum Verweilen einl\u00e4dt.\ufffc\ufffc\ufffc<\/p>\n","protected":false},"author":1,"featured_media":0,"comment_status":"open","ping_status":"closed","sticky":false,"template":"","format":"standard","meta":{"jetpack_post_was_ever_published":false,"_jetpack_newsletter_access":"","_jetpack_dont_email_post_to_subs":false,"_jetpack_newsletter_tier_id":0,"_jetpack_memberships_contains_paywalled_content":false,"_jetpack_memberships_contains_paid_content":false,"footnotes":"","jetpack_publicize_message":"","jetpack_publicize_feature_enabled":true,"jetpack_social_post_already_shared":true,"jetpack_social_options":{"image_generator_settings":{"template":"highway","default_image_id":0,"font":"","enabled":false},"version":2}},"categories":[1],"tags":[],"class_list":["post-681","post","type-post","status-publish","format-standard","hentry","category-allgemein"],"jetpack_publicize_connections":[],"jetpack_featured_media_url":"","jetpack_sharing_enabled":true,"jetpack_likes_enabled":true,"_links":{"self":[{"href":"https:\/\/www.leben-atmen.com\/radtour2020\/wp-json\/wp\/v2\/posts\/681","targetHints":{"allow":["GET"]}}],"collection":[{"href":"https:\/\/www.leben-atmen.com\/radtour2020\/wp-json\/wp\/v2\/posts"}],"about":[{"href":"https:\/\/www.leben-atmen.com\/radtour2020\/wp-json\/wp\/v2\/types\/post"}],"author":[{"embeddable":true,"href":"https:\/\/www.leben-atmen.com\/radtour2020\/wp-json\/wp\/v2\/users\/1"}],"replies":[{"embeddable":true,"href":"https:\/\/www.leben-atmen.com\/radtour2020\/wp-json\/wp\/v2\/comments?post=681"}],"version-history":[{"count":0,"href":"https:\/\/www.leben-atmen.com\/radtour2020\/wp-json\/wp\/v2\/posts\/681\/revisions"}],"wp:attachment":[{"href":"https:\/\/www.leben-atmen.com\/radtour2020\/wp-json\/wp\/v2\/media?parent=681"}],"wp:term":[{"taxonomy":"category","embeddable":true,"href":"https:\/\/www.leben-atmen.com\/radtour2020\/wp-json\/wp\/v2\/categories?post=681"},{"taxonomy":"post_tag","embeddable":true,"href":"https:\/\/www.leben-atmen.com\/radtour2020\/wp-json\/wp\/v2\/tags?post=681"}],"curies":[{"name":"wp","href":"https:\/\/api.w.org\/{rel}","templated":true}]}}