{"id":500,"date":"2020-07-17T12:29:37","date_gmt":"2020-07-17T10:29:37","guid":{"rendered":"https:\/\/www.leben-atmen.com\/radtour2020\/?p=500"},"modified":"2020-07-17T12:29:39","modified_gmt":"2020-07-17T10:29:39","slug":"orvieto-dom","status":"publish","type":"post","link":"https:\/\/www.leben-atmen.com\/radtour2020\/2020\/07\/17\/orvieto-dom\/","title":{"rendered":"Orvieto Dom"},"content":{"rendered":"<p><span>Durch die Lage der Stadt<\/span><span><span class=\"Apple-converted-space\">&nbsp;<\/span><\/span><a href=\"https:\/\/de.m.wikipedia.org\/wiki\/Orvieto\" title=\"Orvieto\">Orvieto<\/a><span><span class=\"Apple-converted-space\">&nbsp;<\/span><\/span><span>ist das wichtigste Geb\u00e4ude, der<\/span><span><span class=\"Apple-converted-space\">&nbsp;<\/span><\/span><a href=\"https:\/\/de.m.wikipedia.org\/wiki\/R%C3%B6misch-katholische_Kirche\" title=\"R\u00f6misch-katholische Kirche\">r\u00f6misch-katholische<\/a><span><span class=\"Apple-converted-space\">&nbsp;<\/span><\/span><span>Dom mit dem<\/span><span><span class=\"Apple-converted-space\">&nbsp;<\/span><\/span><a href=\"https:\/\/de.m.wikipedia.org\/wiki\/Patrozinium\" title=\"Patrozinium\">Patrozinium<\/a><span><span class=\"Apple-converted-space\">&nbsp;<\/span><\/span><a href=\"https:\/\/de.m.wikipedia.org\/wiki\/Mari%C3%A4_Aufnahme_in_den_Himmel\" title=\"Mari\u00e4 Aufnahme in den Himmel\">Maria Himmelfahrt<\/a><span>, schon von Weitem zu erkennen. Der Dom geh\u00f6rt zu der gro\u00dfen Anzahl bedeutender Bauwerke, die im ausgehenden 13.&nbsp;Jahrhundert geplant wurden. Er wurde 1288 wahrscheinlich unter<\/span><span><span class=\"Apple-converted-space\">&nbsp;<\/span><\/span><a href=\"https:\/\/de.m.wikipedia.org\/wiki\/Arnolfo_di_Cambio\" title=\"Arnolfo di Cambio\">Arnolfo di Cambio<\/a><span><span class=\"Apple-converted-space\">&nbsp;<\/span><\/span><span>(1240\u20131302) begonnen, der einige Jahre sp\u00e4ter den Dom und den<\/span><span><span class=\"Apple-converted-space\">&nbsp;<\/span><\/span><a href=\"https:\/\/de.m.wikipedia.org\/wiki\/Palazzo_Vecchio\" title=\"Palazzo Vecchio\">Palazzo Vecchio<\/a><span><span class=\"Apple-converted-space\">&nbsp;<\/span><\/span><span>von Florenz bauen sollte. 1308 war der Rohbau ohne Dach und Fassade fertig. Die wurde nach Zeichnungen von<\/span><span><span class=\"Apple-converted-space\">&nbsp;<\/span><\/span><a href=\"https:\/\/de.m.wikipedia.org\/wiki\/Lorenzo_Maitani\" title=\"Lorenzo Maitani\">Lorenzo Maitani<\/a><span><span class=\"Apple-converted-space\">&nbsp;<\/span><\/span><span>im 14.&nbsp;Jahrhundert vollendet.<\/span>&#8230;( Quelle Wikipedia)<\/p>\n<p><img data-recalc-dims=\"1\" loading=\"lazy\" decoding=\"async\" src=\"https:\/\/i0.wp.com\/www.leben-atmen.com\/wp-content\/blogs.dir\/13\/files\/sites\/13\/2020\/07\/6342e00b750eacc672c30151deec2e9a.jpg?resize=612%2C816&#038;ssl=1\" class=\"size-full wp-image-496\" width=\"612\" height=\"816\" srcset=\"https:\/\/i0.wp.com\/www.leben-atmen.com\/wp-content\/blogs.dir\/13\/files\/sites\/13\/2020\/07\/6342e00b750eacc672c30151deec2e9a.jpg?w=1350&amp;ssl=1 1350w, https:\/\/i0.wp.com\/www.leben-atmen.com\/wp-content\/blogs.dir\/13\/files\/sites\/13\/2020\/07\/6342e00b750eacc672c30151deec2e9a.jpg?resize=225%2C300&amp;ssl=1 225w, https:\/\/i0.wp.com\/www.leben-atmen.com\/wp-content\/blogs.dir\/13\/files\/sites\/13\/2020\/07\/6342e00b750eacc672c30151deec2e9a.jpg?resize=768%2C1024&amp;ssl=1 768w, https:\/\/i0.wp.com\/www.leben-atmen.com\/wp-content\/blogs.dir\/13\/files\/sites\/13\/2020\/07\/6342e00b750eacc672c30151deec2e9a.jpg?resize=1152%2C1536&amp;ssl=1 1152w, https:\/\/i0.wp.com\/www.leben-atmen.com\/wp-content\/blogs.dir\/13\/files\/sites\/13\/2020\/07\/6342e00b750eacc672c30151deec2e9a.jpg?resize=1200%2C1600&amp;ssl=1 1200w\" sizes=\"auto, (max-width: 612px) 100vw, 612px\" \/><img data-recalc-dims=\"1\" loading=\"lazy\" decoding=\"async\" src=\"https:\/\/i0.wp.com\/www.leben-atmen.com\/wp-content\/blogs.dir\/13\/files\/sites\/13\/2020\/07\/5c51ab3d8c59bb0beaa4afce3726cce3.jpg?resize=612%2C816&#038;ssl=1\" class=\"size-full wp-image-499\" width=\"612\" height=\"816\" srcset=\"https:\/\/i0.wp.com\/www.leben-atmen.com\/wp-content\/blogs.dir\/13\/files\/sites\/13\/2020\/07\/5c51ab3d8c59bb0beaa4afce3726cce3.jpg?w=1350&amp;ssl=1 1350w, https:\/\/i0.wp.com\/www.leben-atmen.com\/wp-content\/blogs.dir\/13\/files\/sites\/13\/2020\/07\/5c51ab3d8c59bb0beaa4afce3726cce3.jpg?resize=225%2C300&amp;ssl=1 225w, https:\/\/i0.wp.com\/www.leben-atmen.com\/wp-content\/blogs.dir\/13\/files\/sites\/13\/2020\/07\/5c51ab3d8c59bb0beaa4afce3726cce3.jpg?resize=768%2C1024&amp;ssl=1 768w, https:\/\/i0.wp.com\/www.leben-atmen.com\/wp-content\/blogs.dir\/13\/files\/sites\/13\/2020\/07\/5c51ab3d8c59bb0beaa4afce3726cce3.jpg?resize=1152%2C1536&amp;ssl=1 1152w, https:\/\/i0.wp.com\/www.leben-atmen.com\/wp-content\/blogs.dir\/13\/files\/sites\/13\/2020\/07\/5c51ab3d8c59bb0beaa4afce3726cce3.jpg?resize=1200%2C1600&amp;ssl=1 1200w\" sizes=\"auto, (max-width: 612px) 100vw, 612px\" \/><img data-recalc-dims=\"1\" loading=\"lazy\" decoding=\"async\" src=\"https:\/\/i0.wp.com\/www.leben-atmen.com\/wp-content\/blogs.dir\/13\/files\/sites\/13\/2020\/07\/2aee75478f8983284c681f6df1107335.jpg?resize=612%2C816&#038;ssl=1\" class=\"size-full wp-image-498\" width=\"612\" height=\"816\" srcset=\"https:\/\/i0.wp.com\/www.leben-atmen.com\/wp-content\/blogs.dir\/13\/files\/sites\/13\/2020\/07\/2aee75478f8983284c681f6df1107335.jpg?w=1350&amp;ssl=1 1350w, https:\/\/i0.wp.com\/www.leben-atmen.com\/wp-content\/blogs.dir\/13\/files\/sites\/13\/2020\/07\/2aee75478f8983284c681f6df1107335.jpg?resize=225%2C300&amp;ssl=1 225w, https:\/\/i0.wp.com\/www.leben-atmen.com\/wp-content\/blogs.dir\/13\/files\/sites\/13\/2020\/07\/2aee75478f8983284c681f6df1107335.jpg?resize=768%2C1024&amp;ssl=1 768w, https:\/\/i0.wp.com\/www.leben-atmen.com\/wp-content\/blogs.dir\/13\/files\/sites\/13\/2020\/07\/2aee75478f8983284c681f6df1107335.jpg?resize=1152%2C1536&amp;ssl=1 1152w, https:\/\/i0.wp.com\/www.leben-atmen.com\/wp-content\/blogs.dir\/13\/files\/sites\/13\/2020\/07\/2aee75478f8983284c681f6df1107335.jpg?resize=1200%2C1600&amp;ssl=1 1200w\" sizes=\"auto, (max-width: 612px) 100vw, 612px\" \/><img data-recalc-dims=\"1\" loading=\"lazy\" decoding=\"async\" src=\"https:\/\/i0.wp.com\/www.leben-atmen.com\/wp-content\/blogs.dir\/13\/files\/sites\/13\/2020\/07\/0babaa2284f85f43f20ae55dd2bd93d2.jpg?resize=612%2C816&#038;ssl=1\" class=\"size-full wp-image-497\" width=\"612\" height=\"816\" srcset=\"https:\/\/i0.wp.com\/www.leben-atmen.com\/wp-content\/blogs.dir\/13\/files\/sites\/13\/2020\/07\/0babaa2284f85f43f20ae55dd2bd93d2.jpg?w=1350&amp;ssl=1 1350w, https:\/\/i0.wp.com\/www.leben-atmen.com\/wp-content\/blogs.dir\/13\/files\/sites\/13\/2020\/07\/0babaa2284f85f43f20ae55dd2bd93d2.jpg?resize=225%2C300&amp;ssl=1 225w, https:\/\/i0.wp.com\/www.leben-atmen.com\/wp-content\/blogs.dir\/13\/files\/sites\/13\/2020\/07\/0babaa2284f85f43f20ae55dd2bd93d2.jpg?resize=768%2C1024&amp;ssl=1 768w, https:\/\/i0.wp.com\/www.leben-atmen.com\/wp-content\/blogs.dir\/13\/files\/sites\/13\/2020\/07\/0babaa2284f85f43f20ae55dd2bd93d2.jpg?resize=1152%2C1536&amp;ssl=1 1152w, https:\/\/i0.wp.com\/www.leben-atmen.com\/wp-content\/blogs.dir\/13\/files\/sites\/13\/2020\/07\/0babaa2284f85f43f20ae55dd2bd93d2.jpg?resize=1200%2C1600&amp;ssl=1 1200w\" sizes=\"auto, (max-width: 612px) 100vw, 612px\" \/><\/p>\n","protected":false},"excerpt":{"rendered":"<p>Durch die Lage der Stadt&nbsp;Orvieto&nbsp;ist das wichtigste Geb\u00e4ude, der&nbsp;r\u00f6misch-katholische&nbsp;Dom mit dem&nbsp;Patrozinium&nbsp;Maria Himmelfahrt, schon von Weitem zu erkennen. Der Dom geh\u00f6rt zu der gro\u00dfen Anzahl bedeutender Bauwerke, die im ausgehenden 13.&nbsp;Jahrhundert geplant wurden. Er wurde 1288 wahrscheinlich unter&nbsp;Arnolfo di Cambio&nbsp;(1240\u20131302) begonnen, der einige Jahre sp\u00e4ter den Dom und den&nbsp;Palazzo Vecchio&nbsp;von Florenz bauen sollte. 1308 war der [&hellip;]<\/p>\n","protected":false},"author":2,"featured_media":0,"comment_status":"open","ping_status":"closed","sticky":false,"template":"","format":"standard","meta":{"jetpack_post_was_ever_published":false,"_jetpack_newsletter_access":"","_jetpack_dont_email_post_to_subs":false,"_jetpack_newsletter_tier_id":0,"_jetpack_memberships_contains_paywalled_content":false,"_jetpack_memberships_contains_paid_content":false,"footnotes":"","jetpack_publicize_message":"","jetpack_publicize_feature_enabled":true,"jetpack_social_post_already_shared":true,"jetpack_social_options":{"image_generator_settings":{"template":"highway","default_image_id":0,"font":"","enabled":false},"version":2}},"categories":[1],"tags":[],"class_list":["post-500","post","type-post","status-publish","format-standard","hentry","category-allgemein"],"jetpack_publicize_connections":[],"jetpack_featured_media_url":"","jetpack_sharing_enabled":true,"jetpack_likes_enabled":true,"_links":{"self":[{"href":"https:\/\/www.leben-atmen.com\/radtour2020\/wp-json\/wp\/v2\/posts\/500","targetHints":{"allow":["GET"]}}],"collection":[{"href":"https:\/\/www.leben-atmen.com\/radtour2020\/wp-json\/wp\/v2\/posts"}],"about":[{"href":"https:\/\/www.leben-atmen.com\/radtour2020\/wp-json\/wp\/v2\/types\/post"}],"author":[{"embeddable":true,"href":"https:\/\/www.leben-atmen.com\/radtour2020\/wp-json\/wp\/v2\/users\/2"}],"replies":[{"embeddable":true,"href":"https:\/\/www.leben-atmen.com\/radtour2020\/wp-json\/wp\/v2\/comments?post=500"}],"version-history":[{"count":1,"href":"https:\/\/www.leben-atmen.com\/radtour2020\/wp-json\/wp\/v2\/posts\/500\/revisions"}],"predecessor-version":[{"id":501,"href":"https:\/\/www.leben-atmen.com\/radtour2020\/wp-json\/wp\/v2\/posts\/500\/revisions\/501"}],"wp:attachment":[{"href":"https:\/\/www.leben-atmen.com\/radtour2020\/wp-json\/wp\/v2\/media?parent=500"}],"wp:term":[{"taxonomy":"category","embeddable":true,"href":"https:\/\/www.leben-atmen.com\/radtour2020\/wp-json\/wp\/v2\/categories?post=500"},{"taxonomy":"post_tag","embeddable":true,"href":"https:\/\/www.leben-atmen.com\/radtour2020\/wp-json\/wp\/v2\/tags?post=500"}],"curies":[{"name":"wp","href":"https:\/\/api.w.org\/{rel}","templated":true}]}}