{"id":491,"date":"2020-07-16T18:00:32","date_gmt":"2020-07-16T16:00:32","guid":{"rendered":"https:\/\/www.leben-atmen.com\/radtour2020\/?p=491"},"modified":"2020-07-16T18:00:32","modified_gmt":"2020-07-16T16:00:32","slug":"tourenradfahren","status":"publish","type":"post","link":"https:\/\/www.leben-atmen.com\/radtour2020\/2020\/07\/16\/tourenradfahren\/","title":{"rendered":"Tourenradfahren"},"content":{"rendered":"\n<p>Vor Pitigliano treffen wir auf ein Tourenradfahrer-P\u00e4rchen. Toni freut sich total, als sie uns auf der anderen Seite begegnen und schmettert ein \u201eServus\u201c in ihre Richtung. Nat\u00fcrlich sind sie auch deutsch und nat\u00fcrlich &#8211; am Dialekt zu erkennen &#8211; Bayern. Wir stehen am Stra\u00dfenrand und tauschen im Eiltempo Daten aus. Sie wollen alles \u00fcber unsere Fahrr\u00e4der wissen, Toni alles \u00fcber ihre Reise, wohin, wie lange usw. Es stellt sich heraus, dass das Paar schon einmal 22 000 Kilometer (Wann wissen wir nicht) nach Thailand geradelt sind, jetzt gerade f\u00fcr zwei Wochen ein bisschen durch Italien radeln. Die Frau meinte, sie w\u00fcrden nur noch wild campen, weil sie sich das so angew\u00f6hnt h\u00e4tten. Am Campingplatz h\u00e4tte man keine Ruhe und au\u00dferdem ginge es ins Geld.&nbsp;<\/p>\n\n\n\n<p>Ich merke, wie ich innerlich schaudere, zumal wild campen ja in den meisten L\u00e4ndern (Auch hier in Italien) verboten ist. Lustig ist noch, dass ich just heute morgen ein Video in YouTube \u00fcber einen Tourenradfahrer vorgeschlagen bekam, der wild zeltet und die 15 besten Tipps dazu gab. Igitt!<\/p>\n\n\n\n<p>Wo duschen? Wo die schmutzigen Sachen waschen? Wo zelten, dass man nicht entdeckt wird? Auweia, da merke ich wieder, dass ich wahrscheinlich nicht die typische Tourenradlerin bin. Aber vielleicht machen es ja deshalb so wenige, weil sie genau so etwas vor sich sehen? Hm, wir beweisen aber von Jahr zu Jahr, dass es &#8211; zumindest in Europa &#8211; m\u00f6glich ist, sauber und komfortabel eine Radreise zu absolvieren, jenseits von Zelt, Essen aus Dosen und ungewaschenen K\u00f6rpern\u2026<\/p>\n\n\n\n<figure class=\"wp-block-image size-large\"><img data-recalc-dims=\"1\" loading=\"lazy\" decoding=\"async\" width=\"567\" height=\"341\" src=\"https:\/\/i0.wp.com\/www.leben-atmen.com\/wp-content\/blogs.dir\/13\/files\/sites\/13\/2020\/07\/5fe3362918600b38ea3d9f7bfec1d877.jpg?resize=567%2C341&#038;ssl=1\" alt=\"\" class=\"wp-image-492\" srcset=\"https:\/\/i0.wp.com\/www.leben-atmen.com\/wp-content\/blogs.dir\/13\/files\/sites\/13\/2020\/07\/5fe3362918600b38ea3d9f7bfec1d877.jpg?w=567&amp;ssl=1 567w, https:\/\/i0.wp.com\/www.leben-atmen.com\/wp-content\/blogs.dir\/13\/files\/sites\/13\/2020\/07\/5fe3362918600b38ea3d9f7bfec1d877.jpg?resize=300%2C180&amp;ssl=1 300w\" sizes=\"auto, (max-width: 567px) 100vw, 567px\" \/><\/figure>\n","protected":false},"excerpt":{"rendered":"<p>Vor Pitigliano treffen wir auf ein Tourenradfahrer-P\u00e4rchen. Toni freut sich total, als sie uns auf der anderen Seite begegnen und schmettert ein \u201eServus\u201c in ihre Richtung. Nat\u00fcrlich sind sie auch deutsch und nat\u00fcrlich &#8211; am Dialekt zu erkennen &#8211; Bayern. Wir stehen am Stra\u00dfenrand und tauschen im Eiltempo Daten aus. Sie wollen alles \u00fcber unsere [&hellip;]<\/p>\n","protected":false},"author":2,"featured_media":0,"comment_status":"open","ping_status":"closed","sticky":false,"template":"","format":"standard","meta":{"jetpack_post_was_ever_published":false,"_jetpack_newsletter_access":"","_jetpack_dont_email_post_to_subs":false,"_jetpack_newsletter_tier_id":0,"_jetpack_memberships_contains_paywalled_content":false,"_jetpack_memberships_contains_paid_content":false,"footnotes":"","jetpack_publicize_message":"","jetpack_publicize_feature_enabled":true,"jetpack_social_post_already_shared":true,"jetpack_social_options":{"image_generator_settings":{"template":"highway","default_image_id":0,"font":"","enabled":false},"version":2}},"categories":[1],"tags":[],"class_list":["post-491","post","type-post","status-publish","format-standard","hentry","category-allgemein"],"jetpack_publicize_connections":[],"jetpack_featured_media_url":"","jetpack_sharing_enabled":true,"jetpack_likes_enabled":true,"_links":{"self":[{"href":"https:\/\/www.leben-atmen.com\/radtour2020\/wp-json\/wp\/v2\/posts\/491","targetHints":{"allow":["GET"]}}],"collection":[{"href":"https:\/\/www.leben-atmen.com\/radtour2020\/wp-json\/wp\/v2\/posts"}],"about":[{"href":"https:\/\/www.leben-atmen.com\/radtour2020\/wp-json\/wp\/v2\/types\/post"}],"author":[{"embeddable":true,"href":"https:\/\/www.leben-atmen.com\/radtour2020\/wp-json\/wp\/v2\/users\/2"}],"replies":[{"embeddable":true,"href":"https:\/\/www.leben-atmen.com\/radtour2020\/wp-json\/wp\/v2\/comments?post=491"}],"version-history":[{"count":1,"href":"https:\/\/www.leben-atmen.com\/radtour2020\/wp-json\/wp\/v2\/posts\/491\/revisions"}],"predecessor-version":[{"id":493,"href":"https:\/\/www.leben-atmen.com\/radtour2020\/wp-json\/wp\/v2\/posts\/491\/revisions\/493"}],"wp:attachment":[{"href":"https:\/\/www.leben-atmen.com\/radtour2020\/wp-json\/wp\/v2\/media?parent=491"}],"wp:term":[{"taxonomy":"category","embeddable":true,"href":"https:\/\/www.leben-atmen.com\/radtour2020\/wp-json\/wp\/v2\/categories?post=491"},{"taxonomy":"post_tag","embeddable":true,"href":"https:\/\/www.leben-atmen.com\/radtour2020\/wp-json\/wp\/v2\/tags?post=491"}],"curies":[{"name":"wp","href":"https:\/\/api.w.org\/{rel}","templated":true}]}}