{"id":417,"date":"2020-07-13T08:40:52","date_gmt":"2020-07-13T06:40:52","guid":{"rendered":"https:\/\/www.leben-atmen.com\/radtour2020\/?p=417"},"modified":"2020-07-13T08:41:53","modified_gmt":"2020-07-13T06:41:53","slug":"goethe-und-die-umwelt","status":"publish","type":"post","link":"https:\/\/www.leben-atmen.com\/radtour2020\/2020\/07\/13\/goethe-und-die-umwelt\/","title":{"rendered":"Goethe und die Umwelt"},"content":{"rendered":"\n<p>Wir radeln durch die wundersch\u00f6ne Landschaft der Toskana. Man muss sich vorstellen, dass dies nicht immer m\u00fchelos gelingt, weil es sehr h\u00fcgelig ist. Es dauert Stunden, bis man z.B. in Siena ist.&nbsp;<\/p>\n\n\n\n<p>Irgendwann geht das Treten in Meditation \u00fcber. Ich sinniere \u00fcber die gro\u00dfen K\u00fcnstler, die in der Toskana oder in Umbrien gelebt und gewirkt haben. Da war zum Beispiel Leonardo da Vinci oder Michelangelo. In der damaligen Zeit war Fortbewegung und Reisen total anders. Es gab keine Fahrr\u00e4der, Autos oder gar Flugzeuge. Wenn man, wie Michelangelo am Fu\u00dfe des Berges la Verna aufgewachsen war, in das 90 Kilometer entfernte Florenz reisen wollte, war dies eine Reise von mindestens drei Tagen. Auch wenn man die Strecke zu Pferde bew\u00e4ltigte, kam man nicht wesentlich schneller voran.&nbsp;<\/p>\n\n\n\n<p>Also nehmen wir an, Michelangelo reiste zu Fu\u00df. Er durchschritt die Landschaft, er \u00fcbernachtete in Herbergen auf seinem Weg und erlebte so allerhand auf seiner Reise. Da die Reise beschwerlich war, ging er nach verrichtetem Zwecke nicht gleich wieder nach Hause, sondern blieb sicher eine Weile in Florenz. Das Reisen in andere Gegenden musste so intensiv gewesen sein, weil alle Sinneseindr\u00fccke (positive wie negative) durch die manuelle Fortbewegung tiefer in die Menschen eindrangen. Ich bin fest \u00fcberzeugt, Michelangelo und auch seine Sch\u00fcler w\u00e4ren nie so gro\u00dfe Maler und Bildhauer geworden, h\u00e4tten sie ein Auto zur Verf\u00fcgung gehabt. Man hat damit einfach nicht die Zeit, Details zu studieren, die sich in der Landschaft ergeben, die menschliche Anatomie, die Ger\u00fcche der Natur, das Erleben\u2026<\/p>\n\n\n\n<p>Goethe hat 1786&nbsp; auf seiner Reise nach Italien, die zwei Jahre andauerte! einen Reisebericht verfasst. Ich wage die These, dass solch ein Werk nie entstanden w\u00e4re, h\u00e4tte er ein Auto gehabt, das mit 130 km\/h binnen weniger Stunden nach Sizilien brausen kann.<\/p>\n\n\n\n<p>Der Punkt ist, dass solche gigantischen K\u00fcnstler fr\u00fcherer Zeiten durch die Schnelllebigkeit der heutigen Epoche nat\u00fcrlicherweise nicht mehr entstehen k\u00f6nnen.<\/p>\n\n\n\n<p>Ich habe einmal aufgeschnappt, dass das Leben mit dem Auto oder auch Flieger so abl\u00e4uft: man f\u00e4hrt von Insel zu Insel, dazwischen ist W\u00fcste, das Nichts. Wir erleben unsere Erde, unsere Landschaft nur noch in unzusammenh\u00e4ngenden Partien. Darum gibt es Monokultur, Massentierhaltung, Betonw\u00fcsten, Naturentstellungen, Tierqu\u00e4lereien. Wir sehen die \u201eW\u00fcste\u201c einfach nicht, k\u00f6nnen sie nicht sehen, wollen auch gar nicht hinschauen. Lieber betrachten wir die Museen mit Bildern von K\u00fcnstlern und trinken Aperol auf gepflegten Terazzas.<\/p>\n\n\n\n<p>Die Pandemie hat vielleicht so manchem die Augen \u00fcber seine n\u00e4here Umgebung ge\u00f6ffnet, wenn er durch monotone Plantagen spazieren gehen musste, durch Gew\u00e4chshausst\u00e4dte, Folien\u00e4cker, kilometerlangen B\u00e4umen unter Netzen, Fl\u00fcsse in Betonbecken. Vielleicht&#8230;<\/p>\n\n\n\n<figure class=\"wp-block-image size-large\"><img data-recalc-dims=\"1\" loading=\"lazy\" decoding=\"async\" width=\"612\" height=\"459\" src=\"https:\/\/i0.wp.com\/www.leben-atmen.com\/wp-content\/blogs.dir\/13\/files\/sites\/13\/2020\/07\/7ff5aba1c80ad64891e574a87d575a18-scaled.jpg?resize=612%2C459&#038;ssl=1\" alt=\"\" class=\"wp-image-419\" srcset=\"https:\/\/i0.wp.com\/www.leben-atmen.com\/wp-content\/blogs.dir\/13\/files\/sites\/13\/2020\/07\/7ff5aba1c80ad64891e574a87d575a18-scaled.jpg?w=2560&amp;ssl=1 2560w, https:\/\/i0.wp.com\/www.leben-atmen.com\/wp-content\/blogs.dir\/13\/files\/sites\/13\/2020\/07\/7ff5aba1c80ad64891e574a87d575a18-scaled.jpg?resize=300%2C225&amp;ssl=1 300w, https:\/\/i0.wp.com\/www.leben-atmen.com\/wp-content\/blogs.dir\/13\/files\/sites\/13\/2020\/07\/7ff5aba1c80ad64891e574a87d575a18-scaled.jpg?resize=768%2C576&amp;ssl=1 768w, https:\/\/i0.wp.com\/www.leben-atmen.com\/wp-content\/blogs.dir\/13\/files\/sites\/13\/2020\/07\/7ff5aba1c80ad64891e574a87d575a18-scaled.jpg?resize=1536%2C1152&amp;ssl=1 1536w, https:\/\/i0.wp.com\/www.leben-atmen.com\/wp-content\/blogs.dir\/13\/files\/sites\/13\/2020\/07\/7ff5aba1c80ad64891e574a87d575a18-scaled.jpg?resize=2048%2C1536&amp;ssl=1 2048w, https:\/\/i0.wp.com\/www.leben-atmen.com\/wp-content\/blogs.dir\/13\/files\/sites\/13\/2020\/07\/7ff5aba1c80ad64891e574a87d575a18-scaled.jpg?resize=1980%2C1485&amp;ssl=1 1980w, https:\/\/i0.wp.com\/www.leben-atmen.com\/wp-content\/blogs.dir\/13\/files\/sites\/13\/2020\/07\/7ff5aba1c80ad64891e574a87d575a18-scaled.jpg?w=1224&amp;ssl=1 1224w, https:\/\/i0.wp.com\/www.leben-atmen.com\/wp-content\/blogs.dir\/13\/files\/sites\/13\/2020\/07\/7ff5aba1c80ad64891e574a87d575a18-scaled.jpg?w=1836&amp;ssl=1 1836w\" sizes=\"auto, (max-width: 612px) 100vw, 612px\" \/><\/figure>\n","protected":false},"excerpt":{"rendered":"<p>Wir radeln durch die wundersch\u00f6ne Landschaft der Toskana. Man muss sich vorstellen, dass dies nicht immer m\u00fchelos gelingt, weil es sehr h\u00fcgelig ist. Es dauert Stunden, bis man z.B. in Siena ist.&nbsp; Irgendwann geht das Treten in Meditation \u00fcber. Ich sinniere \u00fcber die gro\u00dfen K\u00fcnstler, die in der Toskana oder in Umbrien gelebt und gewirkt [&hellip;]<\/p>\n","protected":false},"author":2,"featured_media":0,"comment_status":"open","ping_status":"closed","sticky":false,"template":"","format":"standard","meta":{"jetpack_post_was_ever_published":false,"_jetpack_newsletter_access":"","_jetpack_dont_email_post_to_subs":false,"_jetpack_newsletter_tier_id":0,"_jetpack_memberships_contains_paywalled_content":false,"_jetpack_memberships_contains_paid_content":false,"footnotes":"","jetpack_publicize_message":"","jetpack_publicize_feature_enabled":true,"jetpack_social_post_already_shared":true,"jetpack_social_options":{"image_generator_settings":{"template":"highway","default_image_id":0,"font":"","enabled":false},"version":2}},"categories":[1],"tags":[],"class_list":["post-417","post","type-post","status-publish","format-standard","hentry","category-allgemein"],"jetpack_publicize_connections":[],"jetpack_featured_media_url":"","jetpack_sharing_enabled":true,"jetpack_likes_enabled":true,"_links":{"self":[{"href":"https:\/\/www.leben-atmen.com\/radtour2020\/wp-json\/wp\/v2\/posts\/417","targetHints":{"allow":["GET"]}}],"collection":[{"href":"https:\/\/www.leben-atmen.com\/radtour2020\/wp-json\/wp\/v2\/posts"}],"about":[{"href":"https:\/\/www.leben-atmen.com\/radtour2020\/wp-json\/wp\/v2\/types\/post"}],"author":[{"embeddable":true,"href":"https:\/\/www.leben-atmen.com\/radtour2020\/wp-json\/wp\/v2\/users\/2"}],"replies":[{"embeddable":true,"href":"https:\/\/www.leben-atmen.com\/radtour2020\/wp-json\/wp\/v2\/comments?post=417"}],"version-history":[{"count":2,"href":"https:\/\/www.leben-atmen.com\/radtour2020\/wp-json\/wp\/v2\/posts\/417\/revisions"}],"predecessor-version":[{"id":420,"href":"https:\/\/www.leben-atmen.com\/radtour2020\/wp-json\/wp\/v2\/posts\/417\/revisions\/420"}],"wp:attachment":[{"href":"https:\/\/www.leben-atmen.com\/radtour2020\/wp-json\/wp\/v2\/media?parent=417"}],"wp:term":[{"taxonomy":"category","embeddable":true,"href":"https:\/\/www.leben-atmen.com\/radtour2020\/wp-json\/wp\/v2\/categories?post=417"},{"taxonomy":"post_tag","embeddable":true,"href":"https:\/\/www.leben-atmen.com\/radtour2020\/wp-json\/wp\/v2\/tags?post=417"}],"curies":[{"name":"wp","href":"https:\/\/api.w.org\/{rel}","templated":true}]}}