{"id":347,"date":"2020-07-09T18:39:52","date_gmt":"2020-07-09T16:39:52","guid":{"rendered":"https:\/\/www.leben-atmen.com\/radtour2020\/?p=347"},"modified":"2020-07-09T18:39:52","modified_gmt":"2020-07-09T16:39:52","slug":"rad-strecke-heute","status":"publish","type":"post","link":"https:\/\/www.leben-atmen.com\/radtour2020\/2020\/07\/09\/rad-strecke-heute\/","title":{"rendered":"Rad-Strecke heute"},"content":{"rendered":"\n<p>Wie schon mitgeteilt, haben wir den Po mit dem Zug \u00fcberquert. Deshalb haben wir heute 2 Streckendaten hochgeladen &#8211; eine vom Vormittag &#8211; aber f\u00fcr den gestrigen 8. Juli mit ca. 55km-  und die Tour am Nachmittag mit etwa 25km f\u00fcr den heutigen 9. Juli. In der Summe sind wir dann heute also etwa 80 gestrampelt.<\/p>\n","protected":false},"excerpt":{"rendered":"<p>Wie schon mitgeteilt, haben wir den Po mit dem Zug \u00fcberquert. Deshalb haben wir heute 2 Streckendaten hochgeladen &#8211; eine vom Vormittag &#8211; aber f\u00fcr den gestrigen 8. Juli mit ca. 55km- und die Tour am Nachmittag mit etwa 25km f\u00fcr den heutigen 9. Juli. In der Summe sind wir dann heute also etwa 80 [&hellip;]<\/p>\n","protected":false},"author":21,"featured_media":0,"comment_status":"open","ping_status":"closed","sticky":false,"template":"","format":"standard","meta":{"jetpack_post_was_ever_published":false,"_jetpack_newsletter_access":"","_jetpack_dont_email_post_to_subs":false,"_jetpack_newsletter_tier_id":0,"_jetpack_memberships_contains_paywalled_content":false,"_jetpack_memberships_contains_paid_content":false,"footnotes":"","jetpack_publicize_message":"","jetpack_publicize_feature_enabled":true,"jetpack_social_post_already_shared":true,"jetpack_social_options":{"image_generator_settings":{"template":"highway","default_image_id":0,"font":"","enabled":false},"version":2}},"categories":[1],"tags":[],"class_list":["post-347","post","type-post","status-publish","format-standard","hentry","category-allgemein"],"jetpack_publicize_connections":[],"jetpack_featured_media_url":"","jetpack_sharing_enabled":true,"jetpack_likes_enabled":true,"_links":{"self":[{"href":"https:\/\/www.leben-atmen.com\/radtour2020\/wp-json\/wp\/v2\/posts\/347","targetHints":{"allow":["GET"]}}],"collection":[{"href":"https:\/\/www.leben-atmen.com\/radtour2020\/wp-json\/wp\/v2\/posts"}],"about":[{"href":"https:\/\/www.leben-atmen.com\/radtour2020\/wp-json\/wp\/v2\/types\/post"}],"author":[{"embeddable":true,"href":"https:\/\/www.leben-atmen.com\/radtour2020\/wp-json\/wp\/v2\/users\/21"}],"replies":[{"embeddable":true,"href":"https:\/\/www.leben-atmen.com\/radtour2020\/wp-json\/wp\/v2\/comments?post=347"}],"version-history":[{"count":1,"href":"https:\/\/www.leben-atmen.com\/radtour2020\/wp-json\/wp\/v2\/posts\/347\/revisions"}],"predecessor-version":[{"id":348,"href":"https:\/\/www.leben-atmen.com\/radtour2020\/wp-json\/wp\/v2\/posts\/347\/revisions\/348"}],"wp:attachment":[{"href":"https:\/\/www.leben-atmen.com\/radtour2020\/wp-json\/wp\/v2\/media?parent=347"}],"wp:term":[{"taxonomy":"category","embeddable":true,"href":"https:\/\/www.leben-atmen.com\/radtour2020\/wp-json\/wp\/v2\/categories?post=347"},{"taxonomy":"post_tag","embeddable":true,"href":"https:\/\/www.leben-atmen.com\/radtour2020\/wp-json\/wp\/v2\/tags?post=347"}],"curies":[{"name":"wp","href":"https:\/\/api.w.org\/{rel}","templated":true}]}}