{"id":272,"date":"2020-07-04T16:10:54","date_gmt":"2020-07-04T14:10:54","guid":{"rendered":"https:\/\/www.leben-atmen.com\/radtour2020\/2020\/07\/04\/nach-nauders-ueber-den-rechenpass\/"},"modified":"2020-07-04T16:10:54","modified_gmt":"2020-07-04T14:10:54","slug":"nach-nauders-ueber-den-rechenpass","status":"publish","type":"post","link":"https:\/\/www.leben-atmen.com\/radtour2020\/2020\/07\/04\/nach-nauders-ueber-den-rechenpass\/","title":{"rendered":"Nach Nauders \u00fcber den Rechenpass"},"content":{"rendered":"\n<p>Also eigentlich wollten wir \u00fcber Martina radeln und dann die Serpentine nehmen. Aber ein neues Radwegeschild hat uns dazu verf\u00fchrt, den alternativen Weg \u00fcber Altfinsterm\u00fcnz einzuschlagen. Aber wie wir schon bef\u00fcrchtet hatten, f\u00fchrt es nat\u00fcrlich auf die Bundesstra\u00dfe und damit durch diverse Tunnels.<p>Dort wird dann zum Gl\u00fcck aber ein Shuttle Bus angeboten. Der aber zu sp\u00e4t kam. Wir waren bereits lebensgef\u00e4hrlich in den Tunnels unterwegs.<\/p><\/p>\n\n\n\n<figure class=\"wp-block-image size-large\"><img data-recalc-dims=\"1\" loading=\"lazy\" decoding=\"async\" width=\"612\" height=\"816\" src=\"https:\/\/i0.wp.com\/www.leben-atmen.com\/wp-content\/blogs.dir\/13\/files\/sites\/13\/2020\/07\/9a3ea8acc3eecf46d4d0620dd33d7e86.jpg?resize=612%2C816&#038;ssl=1\" alt=\"\" class=\"wp-image-270\" srcset=\"https:\/\/i0.wp.com\/www.leben-atmen.com\/wp-content\/blogs.dir\/13\/files\/sites\/13\/2020\/07\/9a3ea8acc3eecf46d4d0620dd33d7e86.jpg?w=1050&amp;ssl=1 1050w, https:\/\/i0.wp.com\/www.leben-atmen.com\/wp-content\/blogs.dir\/13\/files\/sites\/13\/2020\/07\/9a3ea8acc3eecf46d4d0620dd33d7e86.jpg?resize=225%2C300&amp;ssl=1 225w, https:\/\/i0.wp.com\/www.leben-atmen.com\/wp-content\/blogs.dir\/13\/files\/sites\/13\/2020\/07\/9a3ea8acc3eecf46d4d0620dd33d7e86.jpg?resize=768%2C1024&amp;ssl=1 768w\" sizes=\"auto, (max-width: 612px) 100vw, 612px\" \/><\/figure>\n\n\n\n<figure class=\"wp-block-image size-large\"><img data-recalc-dims=\"1\" loading=\"lazy\" decoding=\"async\" width=\"612\" height=\"816\" src=\"https:\/\/i0.wp.com\/www.leben-atmen.com\/wp-content\/blogs.dir\/13\/files\/sites\/13\/2020\/07\/699abf5b9acc66d1d2a695e10553237f.jpg?resize=612%2C816&#038;ssl=1\" alt=\"\" class=\"wp-image-271\" srcset=\"https:\/\/i0.wp.com\/www.leben-atmen.com\/wp-content\/blogs.dir\/13\/files\/sites\/13\/2020\/07\/699abf5b9acc66d1d2a695e10553237f.jpg?resize=768%2C1024&amp;ssl=1 768w, https:\/\/i0.wp.com\/www.leben-atmen.com\/wp-content\/blogs.dir\/13\/files\/sites\/13\/2020\/07\/699abf5b9acc66d1d2a695e10553237f.jpg?resize=225%2C300&amp;ssl=1 225w, https:\/\/i0.wp.com\/www.leben-atmen.com\/wp-content\/blogs.dir\/13\/files\/sites\/13\/2020\/07\/699abf5b9acc66d1d2a695e10553237f.jpg?w=1050&amp;ssl=1 1050w\" sizes=\"auto, (max-width: 612px) 100vw, 612px\" \/><\/figure>\n","protected":false},"excerpt":{"rendered":"<p>Also eigentlich wollten wir \u00fcber Martina radeln und dann die Serpentine nehmen. Aber ein neues Radwegeschild hat uns dazu verf\u00fchrt, den alternativen Weg \u00fcber Altfinsterm\u00fcnz einzuschlagen. Aber wie wir schon bef\u00fcrchtet hatten, f\u00fchrt es nat\u00fcrlich auf die Bundesstra\u00dfe und damit durch diverse Tunnels. Dort wird dann zum Gl\u00fcck aber ein Shuttle Bus angeboten. Der aber [&hellip;]<\/p>\n","protected":false},"author":1,"featured_media":0,"comment_status":"open","ping_status":"closed","sticky":false,"template":"","format":"standard","meta":{"jetpack_post_was_ever_published":false,"_jetpack_newsletter_access":"","_jetpack_dont_email_post_to_subs":false,"_jetpack_newsletter_tier_id":0,"_jetpack_memberships_contains_paywalled_content":false,"_jetpack_memberships_contains_paid_content":false,"footnotes":"","jetpack_publicize_message":"","jetpack_publicize_feature_enabled":true,"jetpack_social_post_already_shared":true,"jetpack_social_options":{"image_generator_settings":{"template":"highway","default_image_id":0,"font":"","enabled":false},"version":2}},"categories":[1],"tags":[],"class_list":["post-272","post","type-post","status-publish","format-standard","hentry","category-allgemein"],"jetpack_publicize_connections":[],"jetpack_featured_media_url":"","jetpack_sharing_enabled":true,"jetpack_likes_enabled":true,"_links":{"self":[{"href":"https:\/\/www.leben-atmen.com\/radtour2020\/wp-json\/wp\/v2\/posts\/272","targetHints":{"allow":["GET"]}}],"collection":[{"href":"https:\/\/www.leben-atmen.com\/radtour2020\/wp-json\/wp\/v2\/posts"}],"about":[{"href":"https:\/\/www.leben-atmen.com\/radtour2020\/wp-json\/wp\/v2\/types\/post"}],"author":[{"embeddable":true,"href":"https:\/\/www.leben-atmen.com\/radtour2020\/wp-json\/wp\/v2\/users\/1"}],"replies":[{"embeddable":true,"href":"https:\/\/www.leben-atmen.com\/radtour2020\/wp-json\/wp\/v2\/comments?post=272"}],"version-history":[{"count":0,"href":"https:\/\/www.leben-atmen.com\/radtour2020\/wp-json\/wp\/v2\/posts\/272\/revisions"}],"wp:attachment":[{"href":"https:\/\/www.leben-atmen.com\/radtour2020\/wp-json\/wp\/v2\/media?parent=272"}],"wp:term":[{"taxonomy":"category","embeddable":true,"href":"https:\/\/www.leben-atmen.com\/radtour2020\/wp-json\/wp\/v2\/categories?post=272"},{"taxonomy":"post_tag","embeddable":true,"href":"https:\/\/www.leben-atmen.com\/radtour2020\/wp-json\/wp\/v2\/tags?post=272"}],"curies":[{"name":"wp","href":"https:\/\/api.w.org\/{rel}","templated":true}]}}