{"id":228,"date":"2020-07-02T16:36:38","date_gmt":"2020-07-02T14:36:38","guid":{"rendered":"https:\/\/www.leben-atmen.com\/radtour2020\/2020\/07\/02\/grenzuebertritt-bayern-tirol\/"},"modified":"2020-07-02T16:36:38","modified_gmt":"2020-07-02T14:36:38","slug":"grenzuebertritt-bayern-tirol","status":"publish","type":"post","link":"https:\/\/www.leben-atmen.com\/radtour2020\/2020\/07\/02\/grenzuebertritt-bayern-tirol\/","title":{"rendered":"Grenz\u00fcbertritt Bayern \u2013 Tirol"},"content":{"rendered":"\n<p>Nach knapp zwei Fahrradtagen und 150 geradelten Kilometern erreichen wir nun die Grenze von Bayern nach Tirol: also die Grenze Deutschland \u00d6sterreich.<\/p>\n\n\n\n<p>Hier hat es nun auch zu regnen begonnen. Hinter uns ein Gewitter und vor uns ein Gewitter.<\/p>\n\n\n\n<p>Noch eine Frage bez\u00fcglich Corona App: Wei\u00df jemand Bescheid, welche App wir in \u00d6sterreich ben\u00f6tigen? Oder kommen wir auch mit der deutschen App weiter?<\/p>\n\n\n\n<figure class=\"wp-block-image size-large\"><img data-recalc-dims=\"1\" loading=\"lazy\" decoding=\"async\" width=\"612\" height=\"816\" src=\"https:\/\/i0.wp.com\/www.leben-atmen.com\/wp-content\/blogs.dir\/13\/files\/sites\/13\/2020\/07\/c4b363cb58b4b0e4ecd65b4225618bff.jpg?resize=612%2C816&#038;ssl=1\" alt=\"\" class=\"wp-image-225\" srcset=\"https:\/\/i0.wp.com\/www.leben-atmen.com\/wp-content\/blogs.dir\/13\/files\/sites\/13\/2020\/07\/c4b363cb58b4b0e4ecd65b4225618bff.jpg?w=1050&amp;ssl=1 1050w, https:\/\/i0.wp.com\/www.leben-atmen.com\/wp-content\/blogs.dir\/13\/files\/sites\/13\/2020\/07\/c4b363cb58b4b0e4ecd65b4225618bff.jpg?resize=225%2C300&amp;ssl=1 225w, https:\/\/i0.wp.com\/www.leben-atmen.com\/wp-content\/blogs.dir\/13\/files\/sites\/13\/2020\/07\/c4b363cb58b4b0e4ecd65b4225618bff.jpg?resize=768%2C1024&amp;ssl=1 768w\" sizes=\"auto, (max-width: 612px) 100vw, 612px\" \/><\/figure>\n\n\n\n<figure class=\"wp-block-image size-large\"><img data-recalc-dims=\"1\" loading=\"lazy\" decoding=\"async\" width=\"612\" height=\"459\" src=\"https:\/\/i0.wp.com\/www.leben-atmen.com\/wp-content\/blogs.dir\/13\/files\/sites\/13\/2020\/07\/735074d579b3de759ffd8e44f0e2a70c.jpg?resize=612%2C459&#038;ssl=1\" alt=\"\" class=\"wp-image-226\" srcset=\"https:\/\/i0.wp.com\/www.leben-atmen.com\/wp-content\/blogs.dir\/13\/files\/sites\/13\/2020\/07\/735074d579b3de759ffd8e44f0e2a70c.jpg?w=1400&amp;ssl=1 1400w, https:\/\/i0.wp.com\/www.leben-atmen.com\/wp-content\/blogs.dir\/13\/files\/sites\/13\/2020\/07\/735074d579b3de759ffd8e44f0e2a70c.jpg?resize=300%2C225&amp;ssl=1 300w, https:\/\/i0.wp.com\/www.leben-atmen.com\/wp-content\/blogs.dir\/13\/files\/sites\/13\/2020\/07\/735074d579b3de759ffd8e44f0e2a70c.jpg?resize=1024%2C768&amp;ssl=1 1024w, https:\/\/i0.wp.com\/www.leben-atmen.com\/wp-content\/blogs.dir\/13\/files\/sites\/13\/2020\/07\/735074d579b3de759ffd8e44f0e2a70c.jpg?resize=768%2C576&amp;ssl=1 768w, https:\/\/i0.wp.com\/www.leben-atmen.com\/wp-content\/blogs.dir\/13\/files\/sites\/13\/2020\/07\/735074d579b3de759ffd8e44f0e2a70c.jpg?resize=1200%2C900&amp;ssl=1 1200w\" sizes=\"auto, (max-width: 612px) 100vw, 612px\" \/><\/figure>\n\n\n\n<figure class=\"wp-block-image size-large\"><img decoding=\"async\" src=\"file:\/\/\/var\/mobile\/Containers\/Data\/Application\/314397A0-2E21-4D4E-830B-8BC62B8C7BD9\/Library\/Caches\/Media\/thumbnail-p185-2436x2436.jpeg\" alt=\"\" class=\"wp-image-945174770\"\/><\/figure>\n","protected":false},"excerpt":{"rendered":"<p>Nach knapp zwei Fahrradtagen und 150 geradelten Kilometern erreichen wir nun die Grenze von Bayern nach Tirol: also die Grenze Deutschland \u00d6sterreich. Hier hat es nun auch zu regnen begonnen. Hinter uns ein Gewitter und vor uns ein Gewitter. Noch eine Frage bez\u00fcglich Corona App: Wei\u00df jemand Bescheid, welche App wir in \u00d6sterreich ben\u00f6tigen? Oder [&hellip;]<\/p>\n","protected":false},"author":1,"featured_media":0,"comment_status":"open","ping_status":"closed","sticky":false,"template":"","format":"standard","meta":{"jetpack_post_was_ever_published":false,"_jetpack_newsletter_access":"","_jetpack_dont_email_post_to_subs":false,"_jetpack_newsletter_tier_id":0,"_jetpack_memberships_contains_paywalled_content":false,"_jetpack_memberships_contains_paid_content":false,"footnotes":"","jetpack_publicize_message":"","jetpack_publicize_feature_enabled":true,"jetpack_social_post_already_shared":true,"jetpack_social_options":{"image_generator_settings":{"template":"highway","default_image_id":0,"font":"","enabled":false},"version":2}},"categories":[1],"tags":[],"class_list":["post-228","post","type-post","status-publish","format-standard","hentry","category-allgemein"],"jetpack_publicize_connections":[],"jetpack_featured_media_url":"","jetpack_sharing_enabled":true,"jetpack_likes_enabled":true,"_links":{"self":[{"href":"https:\/\/www.leben-atmen.com\/radtour2020\/wp-json\/wp\/v2\/posts\/228","targetHints":{"allow":["GET"]}}],"collection":[{"href":"https:\/\/www.leben-atmen.com\/radtour2020\/wp-json\/wp\/v2\/posts"}],"about":[{"href":"https:\/\/www.leben-atmen.com\/radtour2020\/wp-json\/wp\/v2\/types\/post"}],"author":[{"embeddable":true,"href":"https:\/\/www.leben-atmen.com\/radtour2020\/wp-json\/wp\/v2\/users\/1"}],"replies":[{"embeddable":true,"href":"https:\/\/www.leben-atmen.com\/radtour2020\/wp-json\/wp\/v2\/comments?post=228"}],"version-history":[{"count":0,"href":"https:\/\/www.leben-atmen.com\/radtour2020\/wp-json\/wp\/v2\/posts\/228\/revisions"}],"wp:attachment":[{"href":"https:\/\/www.leben-atmen.com\/radtour2020\/wp-json\/wp\/v2\/media?parent=228"}],"wp:term":[{"taxonomy":"category","embeddable":true,"href":"https:\/\/www.leben-atmen.com\/radtour2020\/wp-json\/wp\/v2\/categories?post=228"},{"taxonomy":"post_tag","embeddable":true,"href":"https:\/\/www.leben-atmen.com\/radtour2020\/wp-json\/wp\/v2\/tags?post=228"}],"curies":[{"name":"wp","href":"https:\/\/api.w.org\/{rel}","templated":true}]}}