{"id":186,"date":"2020-06-30T09:55:35","date_gmt":"2020-06-30T07:55:35","guid":{"rendered":"https:\/\/www.leben-atmen.com\/radtour2020\/?p=186"},"modified":"2020-06-30T09:55:36","modified_gmt":"2020-06-30T07:55:36","slug":"machmut-das-maskottchen","status":"publish","type":"post","link":"https:\/\/www.leben-atmen.com\/radtour2020\/2020\/06\/30\/machmut-das-maskottchen\/","title":{"rendered":"Machmut das Maskottchen"},"content":{"rendered":"<p>Heute stelle ich euch kurz vor der Reise unser Maskottchen 2020 vor. Wie wir bereits ver\u00f6ffentlicht haben, hatten wir eine Retrotour nach Istanbul zum 10j\u00e4hrigen Jubil\u00e4um geplant.<\/p>\n<p>Durch Zufall entdeckten wir im zeitigen Fr\u00fchjahr bei einem Spaziergang durch Augsburg dieses Mammut. Unser Programmierer Lars mit seiner Familie war dabei (sie waren auf Urlaub im bayerischen) und wir verliebten uns alle sechs in dieses historische Rindvieh.<\/p>\n<p>Daf\u00fcr, dass es f\u00fcr die T\u00fcrkei ein Maskottchen sein sollte, hat es damals sofort diesen t\u00fcrkischen Vornamen mit dem wunderbaren Wortspiel von uns erhalten. Nachdem nun Machmut\ufffc\ufffc uns aber ins Blaue Gl\u00fcck bringen muss, passt der Name in Corona Zeiten auch gut.<\/p>\n<p>Auf das er uns Gl\u00fcck bringt, und Mut macht, egal wohin die Reise geht und wann sie enden wird!<\/p>\n<p>PS um Kommentaren vorzubeugen:\ufffcuns ist schon bewusst dass man Machmud normalerweise mit d schreibt der Name Machmut \ufffcist von uns bewusst erfunden \u2026\ufffc<\/p>\n<p><img data-recalc-dims=\"1\" loading=\"lazy\" decoding=\"async\" src=\"https:\/\/i0.wp.com\/www.leben-atmen.com\/wp-content\/blogs.dir\/13\/files\/sites\/13\/2020\/06\/a3835bb6fee340f312ba56877dae7893.jpg?resize=612%2C816&#038;ssl=1\" class=\"size-full wp-image-185\" width=\"612\" height=\"816\" srcset=\"https:\/\/i0.wp.com\/www.leben-atmen.com\/wp-content\/blogs.dir\/13\/files\/sites\/13\/2020\/06\/a3835bb6fee340f312ba56877dae7893.jpg?w=1350&amp;ssl=1 1350w, https:\/\/i0.wp.com\/www.leben-atmen.com\/wp-content\/blogs.dir\/13\/files\/sites\/13\/2020\/06\/a3835bb6fee340f312ba56877dae7893.jpg?resize=225%2C300&amp;ssl=1 225w, https:\/\/i0.wp.com\/www.leben-atmen.com\/wp-content\/blogs.dir\/13\/files\/sites\/13\/2020\/06\/a3835bb6fee340f312ba56877dae7893.jpg?resize=768%2C1024&amp;ssl=1 768w, https:\/\/i0.wp.com\/www.leben-atmen.com\/wp-content\/blogs.dir\/13\/files\/sites\/13\/2020\/06\/a3835bb6fee340f312ba56877dae7893.jpg?resize=1152%2C1536&amp;ssl=1 1152w, https:\/\/i0.wp.com\/www.leben-atmen.com\/wp-content\/blogs.dir\/13\/files\/sites\/13\/2020\/06\/a3835bb6fee340f312ba56877dae7893.jpg?resize=1200%2C1600&amp;ssl=1 1200w\" sizes=\"auto, (max-width: 612px) 100vw, 612px\" \/><\/p>\n","protected":false},"excerpt":{"rendered":"<p>Heute stelle ich euch kurz vor der Reise unser Maskottchen 2020 vor. Wie wir bereits ver\u00f6ffentlicht haben, hatten wir eine Retrotour nach Istanbul zum 10j\u00e4hrigen Jubil\u00e4um geplant. Durch Zufall entdeckten wir im zeitigen Fr\u00fchjahr bei einem Spaziergang durch Augsburg dieses Mammut. Unser Programmierer Lars mit seiner Familie war dabei (sie waren auf Urlaub im bayerischen) [&hellip;]<\/p>\n","protected":false},"author":2,"featured_media":0,"comment_status":"open","ping_status":"closed","sticky":false,"template":"","format":"standard","meta":{"jetpack_post_was_ever_published":false,"_jetpack_newsletter_access":"","_jetpack_dont_email_post_to_subs":false,"_jetpack_newsletter_tier_id":0,"_jetpack_memberships_contains_paywalled_content":false,"_jetpack_memberships_contains_paid_content":false,"footnotes":"","jetpack_publicize_message":"","jetpack_publicize_feature_enabled":true,"jetpack_social_post_already_shared":true,"jetpack_social_options":{"image_generator_settings":{"template":"highway","default_image_id":0,"font":"","enabled":false},"version":2}},"categories":[1],"tags":[],"class_list":["post-186","post","type-post","status-publish","format-standard","hentry","category-allgemein"],"jetpack_publicize_connections":[],"jetpack_featured_media_url":"","jetpack_sharing_enabled":true,"jetpack_likes_enabled":true,"_links":{"self":[{"href":"https:\/\/www.leben-atmen.com\/radtour2020\/wp-json\/wp\/v2\/posts\/186","targetHints":{"allow":["GET"]}}],"collection":[{"href":"https:\/\/www.leben-atmen.com\/radtour2020\/wp-json\/wp\/v2\/posts"}],"about":[{"href":"https:\/\/www.leben-atmen.com\/radtour2020\/wp-json\/wp\/v2\/types\/post"}],"author":[{"embeddable":true,"href":"https:\/\/www.leben-atmen.com\/radtour2020\/wp-json\/wp\/v2\/users\/2"}],"replies":[{"embeddable":true,"href":"https:\/\/www.leben-atmen.com\/radtour2020\/wp-json\/wp\/v2\/comments?post=186"}],"version-history":[{"count":1,"href":"https:\/\/www.leben-atmen.com\/radtour2020\/wp-json\/wp\/v2\/posts\/186\/revisions"}],"predecessor-version":[{"id":187,"href":"https:\/\/www.leben-atmen.com\/radtour2020\/wp-json\/wp\/v2\/posts\/186\/revisions\/187"}],"wp:attachment":[{"href":"https:\/\/www.leben-atmen.com\/radtour2020\/wp-json\/wp\/v2\/media?parent=186"}],"wp:term":[{"taxonomy":"category","embeddable":true,"href":"https:\/\/www.leben-atmen.com\/radtour2020\/wp-json\/wp\/v2\/categories?post=186"},{"taxonomy":"post_tag","embeddable":true,"href":"https:\/\/www.leben-atmen.com\/radtour2020\/wp-json\/wp\/v2\/tags?post=186"}],"curies":[{"name":"wp","href":"https:\/\/api.w.org\/{rel}","templated":true}]}}