{"id":180,"date":"2020-06-23T12:58:02","date_gmt":"2020-06-23T10:58:02","guid":{"rendered":"https:\/\/www.leben-atmen.com\/radtour2020\/?p=180"},"modified":"2020-06-23T12:58:02","modified_gmt":"2020-06-23T10:58:02","slug":"starttermin-1-juli-radeln-in-zeiten-von-corona","status":"publish","type":"post","link":"https:\/\/www.leben-atmen.com\/radtour2020\/2020\/06\/23\/starttermin-1-juli-radeln-in-zeiten-von-corona\/","title":{"rendered":"Starttermin &#8211; 1. Juli &#8211; Radeln in Zeiten von Corona"},"content":{"rendered":"\n<p>Wir sind soweit fast startklar. Soeben habe ich mir noch 2 neue M\u00e4ntel f\u00fcr Vorder- und Hinterrad geholt &#8211; nat\u00fcrlich Schwalbe Marathon Plus.<\/p>\n\n\n\n<p>Diese M\u00e4ntel fahre ich seit 2010 und hatte bislang nur einen einzige Plattfuss. Und das war 2018 auf unserer Europatour in der N\u00e4he von Crotone &#8211; also ganz im S\u00fcden Italiens.<\/p>\n\n\n\n<p>Die Packliste wird \u00fcberpr\u00fcft und die ersten Gep\u00e4cktaschen sind schon vollgestopft und warten auf den Einsatz.<\/p>\n\n\n\n<p>Wie immer haben wir eine kostenfreie App (https:\/\/apps.apple.com\/de\/app\/leben-atmen-radtour-2020\/id1517778123) und die dazugeh\u00f6rige Webseite (https:\/\/blog.amac-buch.de).<\/p>\n\n\n\n<p>Getreu dem Motto &#8211; Radeln in Zeiten von Corona \ud83d\ude42<\/p>\n\n\n\n<figure class=\"wp-block-image size-large\"><img data-recalc-dims=\"1\" loading=\"lazy\" decoding=\"async\" width=\"560\" height=\"528\" src=\"https:\/\/i0.wp.com\/www.leben-atmen.com\/wp-content\/blogs.dir\/13\/files\/sites\/13\/2020\/06\/b76dd644997a1b5a58ed7102dc0a6ce9.png?resize=560%2C528&#038;ssl=1\" alt=\"\" class=\"wp-image-168\" srcset=\"https:\/\/i0.wp.com\/www.leben-atmen.com\/wp-content\/blogs.dir\/13\/files\/sites\/13\/2020\/06\/b76dd644997a1b5a58ed7102dc0a6ce9.png?w=560&amp;ssl=1 560w, https:\/\/i0.wp.com\/www.leben-atmen.com\/wp-content\/blogs.dir\/13\/files\/sites\/13\/2020\/06\/b76dd644997a1b5a58ed7102dc0a6ce9.png?resize=300%2C283&amp;ssl=1 300w\" sizes=\"auto, (max-width: 560px) 100vw, 560px\" \/><\/figure>\n","protected":false},"excerpt":{"rendered":"<p>Wir sind soweit fast startklar. Soeben habe ich mir noch 2 neue M\u00e4ntel f\u00fcr Vorder- und Hinterrad geholt &#8211; nat\u00fcrlich Schwalbe Marathon Plus. Diese M\u00e4ntel fahre ich seit 2010 und hatte bislang nur einen einzige Plattfuss. Und das war 2018 auf unserer Europatour in der N\u00e4he von Crotone &#8211; also ganz im S\u00fcden Italiens. Die [&hellip;]<\/p>\n","protected":false},"author":21,"featured_media":0,"comment_status":"open","ping_status":"closed","sticky":false,"template":"","format":"standard","meta":{"jetpack_post_was_ever_published":false,"_jetpack_newsletter_access":"","_jetpack_dont_email_post_to_subs":false,"_jetpack_newsletter_tier_id":0,"_jetpack_memberships_contains_paywalled_content":false,"_jetpack_memberships_contains_paid_content":false,"footnotes":"","jetpack_publicize_message":"","jetpack_publicize_feature_enabled":true,"jetpack_social_post_already_shared":true,"jetpack_social_options":{"image_generator_settings":{"template":"highway","default_image_id":0,"font":"","enabled":false},"version":2}},"categories":[1],"tags":[],"class_list":["post-180","post","type-post","status-publish","format-standard","hentry","category-allgemein"],"jetpack_publicize_connections":[],"jetpack_featured_media_url":"","jetpack_sharing_enabled":true,"jetpack_likes_enabled":true,"_links":{"self":[{"href":"https:\/\/www.leben-atmen.com\/radtour2020\/wp-json\/wp\/v2\/posts\/180","targetHints":{"allow":["GET"]}}],"collection":[{"href":"https:\/\/www.leben-atmen.com\/radtour2020\/wp-json\/wp\/v2\/posts"}],"about":[{"href":"https:\/\/www.leben-atmen.com\/radtour2020\/wp-json\/wp\/v2\/types\/post"}],"author":[{"embeddable":true,"href":"https:\/\/www.leben-atmen.com\/radtour2020\/wp-json\/wp\/v2\/users\/21"}],"replies":[{"embeddable":true,"href":"https:\/\/www.leben-atmen.com\/radtour2020\/wp-json\/wp\/v2\/comments?post=180"}],"version-history":[{"count":1,"href":"https:\/\/www.leben-atmen.com\/radtour2020\/wp-json\/wp\/v2\/posts\/180\/revisions"}],"predecessor-version":[{"id":181,"href":"https:\/\/www.leben-atmen.com\/radtour2020\/wp-json\/wp\/v2\/posts\/180\/revisions\/181"}],"wp:attachment":[{"href":"https:\/\/www.leben-atmen.com\/radtour2020\/wp-json\/wp\/v2\/media?parent=180"}],"wp:term":[{"taxonomy":"category","embeddable":true,"href":"https:\/\/www.leben-atmen.com\/radtour2020\/wp-json\/wp\/v2\/categories?post=180"},{"taxonomy":"post_tag","embeddable":true,"href":"https:\/\/www.leben-atmen.com\/radtour2020\/wp-json\/wp\/v2\/tags?post=180"}],"curies":[{"name":"wp","href":"https:\/\/api.w.org\/{rel}","templated":true}]}}