{"id":173,"date":"2020-06-22T10:43:28","date_gmt":"2020-06-22T08:43:28","guid":{"rendered":"https:\/\/www.leben-atmen.com\/radtour2020\/?p=173"},"modified":"2020-06-22T10:43:28","modified_gmt":"2020-06-22T08:43:28","slug":"eigentlich-wollten-wir-nach-istanbul","status":"publish","type":"post","link":"https:\/\/www.leben-atmen.com\/radtour2020\/2020\/06\/22\/eigentlich-wollten-wir-nach-istanbul\/","title":{"rendered":"Eigentlich wollten wir nach Istanbul &#8230;."},"content":{"rendered":"\n<p>Unsere erste gro\u00dfe Radtour im Jahre 2010 f\u00fchrt uns nach Istanbul: 2500 km in 5 Wochen und 2 h.<\/p>\n\n\n\n<p>Dabei haben wir 9 L\u00e4nder bereist und es war in der Tat sehr abenteuerlich. F\u00fcr dieses Jahr hatten wir uns vorgenommen, nochmals dahin zu radeln &#8211; was hat sich wohl alles in den vergangenen 10 Jahren in den jeweiligen L\u00e4ndern ver\u00e4ndert?<\/p>\n\n\n\n<p>Tja &#8211; es w\u00e4re sicher spannend gewesen &#8211; aber es ist nicht machbar. Covid-19 hat den Plan \u00fcber den Haufen geworfen. Zu viele Reisewarnungen sind auf Strecke, so dass wir schlichtweg nicht da hin radeln wollen.<\/p>\n\n\n\n<figure class=\"wp-block-image size-large\"><img loading=\"lazy\" decoding=\"async\" width=\"2442\" height=\"1098\" src=\"https:\/\/i0.wp.com\/www.leben-atmen.com\/wp-content\/blogs.dir\/13\/files\/sites\/13\/2020\/06\/94273c31a464db5e672173a69711178a.png?fit=580%2C261&amp;ssl=1\" alt=\"\" class=\"wp-image-174\" srcset=\"https:\/\/i0.wp.com\/www.leben-atmen.com\/wp-content\/blogs.dir\/13\/files\/sites\/13\/2020\/06\/94273c31a464db5e672173a69711178a.png?w=2442&amp;ssl=1 2442w, https:\/\/i0.wp.com\/www.leben-atmen.com\/wp-content\/blogs.dir\/13\/files\/sites\/13\/2020\/06\/94273c31a464db5e672173a69711178a.png?resize=300%2C135&amp;ssl=1 300w, https:\/\/i0.wp.com\/www.leben-atmen.com\/wp-content\/blogs.dir\/13\/files\/sites\/13\/2020\/06\/94273c31a464db5e672173a69711178a.png?resize=1024%2C460&amp;ssl=1 1024w, https:\/\/i0.wp.com\/www.leben-atmen.com\/wp-content\/blogs.dir\/13\/files\/sites\/13\/2020\/06\/94273c31a464db5e672173a69711178a.png?resize=768%2C345&amp;ssl=1 768w, https:\/\/i0.wp.com\/www.leben-atmen.com\/wp-content\/blogs.dir\/13\/files\/sites\/13\/2020\/06\/94273c31a464db5e672173a69711178a.png?resize=1536%2C691&amp;ssl=1 1536w, https:\/\/i0.wp.com\/www.leben-atmen.com\/wp-content\/blogs.dir\/13\/files\/sites\/13\/2020\/06\/94273c31a464db5e672173a69711178a.png?resize=2048%2C921&amp;ssl=1 2048w, https:\/\/i0.wp.com\/www.leben-atmen.com\/wp-content\/blogs.dir\/13\/files\/sites\/13\/2020\/06\/94273c31a464db5e672173a69711178a.png?resize=1200%2C540&amp;ssl=1 1200w, https:\/\/i0.wp.com\/www.leben-atmen.com\/wp-content\/blogs.dir\/13\/files\/sites\/13\/2020\/06\/94273c31a464db5e672173a69711178a.png?resize=1980%2C890&amp;ssl=1 1980w, https:\/\/i0.wp.com\/www.leben-atmen.com\/wp-content\/blogs.dir\/13\/files\/sites\/13\/2020\/06\/94273c31a464db5e672173a69711178a.png?w=1836&amp;ssl=1 1836w\" sizes=\"auto, (max-width: 612px) 100vw, 612px\" \/><\/figure>\n","protected":false},"excerpt":{"rendered":"<p>Unsere erste gro\u00dfe Radtour im Jahre 2010 f\u00fchrt uns nach Istanbul: 2500 km in 5 Wochen und 2 h. Dabei haben wir 9 L\u00e4nder bereist und es war in der Tat sehr abenteuerlich. F\u00fcr dieses Jahr hatten wir uns vorgenommen, nochmals dahin zu radeln &#8211; was hat sich wohl alles in den vergangenen 10 Jahren [&hellip;]<\/p>\n","protected":false},"author":1,"featured_media":0,"comment_status":"open","ping_status":"closed","sticky":false,"template":"","format":"standard","meta":{"jetpack_post_was_ever_published":false,"_jetpack_newsletter_access":"","_jetpack_dont_email_post_to_subs":false,"_jetpack_newsletter_tier_id":0,"_jetpack_memberships_contains_paywalled_content":false,"_jetpack_memberships_contains_paid_content":false,"footnotes":"","jetpack_publicize_message":"","jetpack_publicize_feature_enabled":true,"jetpack_social_post_already_shared":true,"jetpack_social_options":{"image_generator_settings":{"template":"highway","default_image_id":0,"font":"","enabled":false},"version":2}},"categories":[1],"tags":[],"class_list":["post-173","post","type-post","status-publish","format-standard","hentry","category-allgemein"],"jetpack_publicize_connections":[],"jetpack_featured_media_url":"","jetpack_sharing_enabled":true,"jetpack_likes_enabled":true,"_links":{"self":[{"href":"https:\/\/www.leben-atmen.com\/radtour2020\/wp-json\/wp\/v2\/posts\/173","targetHints":{"allow":["GET"]}}],"collection":[{"href":"https:\/\/www.leben-atmen.com\/radtour2020\/wp-json\/wp\/v2\/posts"}],"about":[{"href":"https:\/\/www.leben-atmen.com\/radtour2020\/wp-json\/wp\/v2\/types\/post"}],"author":[{"embeddable":true,"href":"https:\/\/www.leben-atmen.com\/radtour2020\/wp-json\/wp\/v2\/users\/1"}],"replies":[{"embeddable":true,"href":"https:\/\/www.leben-atmen.com\/radtour2020\/wp-json\/wp\/v2\/comments?post=173"}],"version-history":[{"count":1,"href":"https:\/\/www.leben-atmen.com\/radtour2020\/wp-json\/wp\/v2\/posts\/173\/revisions"}],"predecessor-version":[{"id":175,"href":"https:\/\/www.leben-atmen.com\/radtour2020\/wp-json\/wp\/v2\/posts\/173\/revisions\/175"}],"wp:attachment":[{"href":"https:\/\/www.leben-atmen.com\/radtour2020\/wp-json\/wp\/v2\/media?parent=173"}],"wp:term":[{"taxonomy":"category","embeddable":true,"href":"https:\/\/www.leben-atmen.com\/radtour2020\/wp-json\/wp\/v2\/categories?post=173"},{"taxonomy":"post_tag","embeddable":true,"href":"https:\/\/www.leben-atmen.com\/radtour2020\/wp-json\/wp\/v2\/tags?post=173"}],"curies":[{"name":"wp","href":"https:\/\/api.w.org\/{rel}","templated":true}]}}