{"id":977,"date":"2013-07-04T17:16:49","date_gmt":"2013-07-04T17:16:49","guid":{"rendered":"https:\/\/www.leben-atmen.com\/palermo\/?p=977"},"modified":"2013-07-04T17:16:49","modified_gmt":"2013-07-04T17:16:49","slug":"4morri-und-am-meer","status":"publish","type":"post","link":"https:\/\/www.leben-atmen.com\/palermo\/2013\/07\/04\/4morri-und-am-meer\/","title":{"rendered":"4morri und am Meer"},"content":{"rendered":"<p>An unserem vorletzten Tag auf Sardinien sind wir nun direkt am Meer auf einem Campingplatz. Dort gibt es Appartments zum Anmieten und es sind nur gut 100m zum Meer. Da mussten wir zuschlagen.<br \/>\nDas Meerwasser ist wider Erwarten ganz warm. Aber der k\u00fchle und kr\u00e4ftige Wind ist nicht so optimal f\u00fcr den Strandaufenthalt.<br \/>\nWir waren schwimmen und es war klasse. Nach nun 4 Wochen und 2 Tagen unserer Reise waren wir damit zum erstem Mal Baden.<br \/>\nIhr k\u00f6nnt bei den GPS-Daten ja auf Satelliten-Darstellung umschalten und seht ja damit ganz genau, wo wir aktuell sind.<br \/>\nAnbei noch zwei Fotos &#8211; das eine zeigt unsere R\u00e4der im Zimmer&#8230; und das zweite unseren Blick hinaus&#8230; aber leider ohne direkten Meerblick.<br \/>\n<a href=\"https:\/\/www.leben-atmen.com\/wp-content\/blogs.dir\/4\/files\/2013\/07\/Foto-1.jpg\" data-rel=\"lightbox-image-0\" data-rl_title=\"\" data-rl_caption=\"\" title=\"\"><img decoding=\"async\" class=\"alignnone size-full\" alt=\"\" src=\"https:\/\/www.leben-atmen.com\/wp-content\/blogs.dir\/4\/files\/2013\/07\/Foto-1.jpg\" \/><\/a><br \/>\n<a href=\"https:\/\/www.leben-atmen.com\/wp-content\/blogs.dir\/4\/files\/2013\/07\/Foto-2.jpg\" data-rel=\"lightbox-image-1\" data-rl_title=\"\" data-rl_caption=\"\" title=\"\"><img decoding=\"async\" class=\"alignnone size-full\" alt=\"\" src=\"https:\/\/www.leben-atmen.com\/wp-content\/blogs.dir\/4\/files\/2013\/07\/Foto-2.jpg\" \/><\/a><\/p>\n","protected":false},"excerpt":{"rendered":"<p>An unserem vorletzten Tag auf Sardinien sind wir nun direkt am Meer auf einem Campingplatz. Dort gibt es Appartments zum Anmieten und es sind nur gut 100m zum Meer. Da mussten wir zuschlagen. Das Meerwasser ist wider Erwarten ganz warm. &hellip; <a href=\"https:\/\/www.leben-atmen.com\/palermo\/2013\/07\/04\/4morri-und-am-meer\/\">Weiterlesen <span class=\"meta-nav\">&rarr;<\/span><\/a><\/p>\n","protected":false},"author":3,"featured_media":0,"comment_status":"open","ping_status":"open","sticky":false,"template":"","format":"standard","meta":{"_jetpack_memberships_contains_paid_content":false,"footnotes":""},"categories":[1],"tags":[],"class_list":["post-977","post","type-post","status-publish","format-standard","hentry","category-allgemein"],"jetpack_featured_media_url":"","jetpack_sharing_enabled":true,"_links":{"self":[{"href":"https:\/\/www.leben-atmen.com\/palermo\/wp-json\/wp\/v2\/posts\/977","targetHints":{"allow":["GET"]}}],"collection":[{"href":"https:\/\/www.leben-atmen.com\/palermo\/wp-json\/wp\/v2\/posts"}],"about":[{"href":"https:\/\/www.leben-atmen.com\/palermo\/wp-json\/wp\/v2\/types\/post"}],"author":[{"embeddable":true,"href":"https:\/\/www.leben-atmen.com\/palermo\/wp-json\/wp\/v2\/users\/3"}],"replies":[{"embeddable":true,"href":"https:\/\/www.leben-atmen.com\/palermo\/wp-json\/wp\/v2\/comments?post=977"}],"version-history":[{"count":1,"href":"https:\/\/www.leben-atmen.com\/palermo\/wp-json\/wp\/v2\/posts\/977\/revisions"}],"predecessor-version":[{"id":980,"href":"https:\/\/www.leben-atmen.com\/palermo\/wp-json\/wp\/v2\/posts\/977\/revisions\/980"}],"wp:attachment":[{"href":"https:\/\/www.leben-atmen.com\/palermo\/wp-json\/wp\/v2\/media?parent=977"}],"wp:term":[{"taxonomy":"category","embeddable":true,"href":"https:\/\/www.leben-atmen.com\/palermo\/wp-json\/wp\/v2\/categories?post=977"},{"taxonomy":"post_tag","embeddable":true,"href":"https:\/\/www.leben-atmen.com\/palermo\/wp-json\/wp\/v2\/tags?post=977"}],"curies":[{"name":"wp","href":"https:\/\/api.w.org\/{rel}","templated":true}]}}