{"id":976,"date":"2013-07-04T13:56:46","date_gmt":"2013-07-04T13:56:46","guid":{"rendered":"https:\/\/www.leben-atmen.com\/palermo\/?p=976"},"modified":"2013-07-04T13:56:46","modified_gmt":"2013-07-04T13:56:46","slug":"villaputzu","status":"publish","type":"post","link":"https:\/\/www.leben-atmen.com\/palermo\/2013\/07\/04\/villaputzu\/","title":{"rendered":"Villaputzu"},"content":{"rendered":"<p>Das ist ein Nest und wir schauen, dass wir m\u00f6glichst schnell weiterkommen.<br \/>\n\u00dcberhaupt geht es uns so, dass wir Sardinien gar nicht f\u00fcr Italien halten. Es k\u00f6nnte eher Spanien sein.<\/p>\n<p><a href=\"https:\/\/www.leben-atmen.com\/wp-content\/blogs.dir\/4\/files\/2013\/07\/20130704-155637.jpg\" data-rel=\"lightbox-image-0\" data-rl_title=\"\" data-rl_caption=\"\" title=\"\"><img decoding=\"async\" src=\"https:\/\/www.leben-atmen.com\/wp-content\/blogs.dir\/4\/files\/2013\/07\/20130704-155637.jpg\" alt=\"20130704-155637.jpg\" class=\"alignnone size-full\" \/><\/a><\/p>\n","protected":false},"excerpt":{"rendered":"<p>Das ist ein Nest und wir schauen, dass wir m\u00f6glichst schnell weiterkommen. \u00dcberhaupt geht es uns so, dass wir Sardinien gar nicht f\u00fcr Italien halten. Es k\u00f6nnte eher Spanien sein.<\/p>\n","protected":false},"author":3,"featured_media":0,"comment_status":"open","ping_status":"open","sticky":false,"template":"","format":"standard","meta":{"_jetpack_memberships_contains_paid_content":false,"footnotes":""},"categories":[1],"tags":[],"class_list":["post-976","post","type-post","status-publish","format-standard","hentry","category-allgemein"],"jetpack_featured_media_url":"","jetpack_sharing_enabled":true,"_links":{"self":[{"href":"https:\/\/www.leben-atmen.com\/palermo\/wp-json\/wp\/v2\/posts\/976","targetHints":{"allow":["GET"]}}],"collection":[{"href":"https:\/\/www.leben-atmen.com\/palermo\/wp-json\/wp\/v2\/posts"}],"about":[{"href":"https:\/\/www.leben-atmen.com\/palermo\/wp-json\/wp\/v2\/types\/post"}],"author":[{"embeddable":true,"href":"https:\/\/www.leben-atmen.com\/palermo\/wp-json\/wp\/v2\/users\/3"}],"replies":[{"embeddable":true,"href":"https:\/\/www.leben-atmen.com\/palermo\/wp-json\/wp\/v2\/comments?post=976"}],"version-history":[{"count":0,"href":"https:\/\/www.leben-atmen.com\/palermo\/wp-json\/wp\/v2\/posts\/976\/revisions"}],"wp:attachment":[{"href":"https:\/\/www.leben-atmen.com\/palermo\/wp-json\/wp\/v2\/media?parent=976"}],"wp:term":[{"taxonomy":"category","embeddable":true,"href":"https:\/\/www.leben-atmen.com\/palermo\/wp-json\/wp\/v2\/categories?post=976"},{"taxonomy":"post_tag","embeddable":true,"href":"https:\/\/www.leben-atmen.com\/palermo\/wp-json\/wp\/v2\/tags?post=976"}],"curies":[{"name":"wp","href":"https:\/\/api.w.org\/{rel}","templated":true}]}}