{"id":965,"date":"2013-07-03T21:11:07","date_gmt":"2013-07-03T21:11:07","guid":{"rendered":"https:\/\/www.leben-atmen.com\/palermo\/?p=965"},"modified":"2013-07-03T21:11:07","modified_gmt":"2013-07-03T21:11:07","slug":"sardinien-mit-dem-rad","status":"publish","type":"post","link":"https:\/\/www.leben-atmen.com\/palermo\/2013\/07\/03\/sardinien-mit-dem-rad\/","title":{"rendered":"Sardinien mit dem Rad?"},"content":{"rendered":"<p>Gestern, als wir in Olbia zu Radeln anfingen und auf dieser Bundesstra\u00dfe fuhren, wo sich alle entlang qu\u00e4len, dachte ich mir: Sardinien mit dem Rad? Auf gar keinen Fall!<\/p>\n<div>Dann wurde es ruhiger und die Parallelstra\u00dfe war einsam. Heute hatte ich Bammel: Wieder Bundesstra\u00dfe und das bergauf, geigen und wackeln, bergauf, zwischen Autos? Das geht gar nicht! Aber ich wurde eines besseren belehrt: Die Stra\u00dfe war so ruhig, es kam zeitweise 30 Minuten kein Auto. Traumhafter Aufstieg, nicht steil, gigantische Landschaften, zerkl\u00fcftete Felsen, und der Geruch! Pinien, Kr\u00e4uter, Meer. Ja und diese unvergesslichen Ausblicke von dort oben lassen alle vorherigen Anstrengungen vergessen. Zuletzt den unvergleichlichen Genuss einer 20 Kilometer langen Abfahrt, den kann wohl nur ein Tourenradfahrer ganz verstehen. Also ich komme zu dem Schluss: Sardinien mit dem Rad? Nur so und nicht anders!<\/div>\n<div><a href=\"https:\/\/www.leben-atmen.com\/wp-content\/blogs.dir\/4\/files\/2013\/07\/berge-und-ich.jpg\" data-rel=\"lightbox-image-0\" data-rl_title=\"\" data-rl_caption=\"\" title=\"\"><img decoding=\"async\" class=\"alignnone size-full\" alt=\"\" src=\"https:\/\/www.leben-atmen.com\/wp-content\/blogs.dir\/4\/files\/2013\/07\/berge-und-ich.jpg\" \/><\/a><\/div>\n","protected":false},"excerpt":{"rendered":"<p>Gestern, als wir in Olbia zu Radeln anfingen und auf dieser Bundesstra\u00dfe fuhren, wo sich alle entlang qu\u00e4len, dachte ich mir: Sardinien mit dem Rad? Auf gar keinen Fall! Dann wurde es ruhiger und die Parallelstra\u00dfe war einsam. Heute hatte &hellip; <a href=\"https:\/\/www.leben-atmen.com\/palermo\/2013\/07\/03\/sardinien-mit-dem-rad\/\">Weiterlesen <span class=\"meta-nav\">&rarr;<\/span><\/a><\/p>\n","protected":false},"author":2,"featured_media":0,"comment_status":"open","ping_status":"open","sticky":false,"template":"","format":"standard","meta":{"_jetpack_memberships_contains_paid_content":false,"footnotes":""},"categories":[1],"tags":[],"class_list":["post-965","post","type-post","status-publish","format-standard","hentry","category-allgemein"],"jetpack_featured_media_url":"","jetpack_sharing_enabled":true,"_links":{"self":[{"href":"https:\/\/www.leben-atmen.com\/palermo\/wp-json\/wp\/v2\/posts\/965","targetHints":{"allow":["GET"]}}],"collection":[{"href":"https:\/\/www.leben-atmen.com\/palermo\/wp-json\/wp\/v2\/posts"}],"about":[{"href":"https:\/\/www.leben-atmen.com\/palermo\/wp-json\/wp\/v2\/types\/post"}],"author":[{"embeddable":true,"href":"https:\/\/www.leben-atmen.com\/palermo\/wp-json\/wp\/v2\/users\/2"}],"replies":[{"embeddable":true,"href":"https:\/\/www.leben-atmen.com\/palermo\/wp-json\/wp\/v2\/comments?post=965"}],"version-history":[{"count":2,"href":"https:\/\/www.leben-atmen.com\/palermo\/wp-json\/wp\/v2\/posts\/965\/revisions"}],"predecessor-version":[{"id":967,"href":"https:\/\/www.leben-atmen.com\/palermo\/wp-json\/wp\/v2\/posts\/965\/revisions\/967"}],"wp:attachment":[{"href":"https:\/\/www.leben-atmen.com\/palermo\/wp-json\/wp\/v2\/media?parent=965"}],"wp:term":[{"taxonomy":"category","embeddable":true,"href":"https:\/\/www.leben-atmen.com\/palermo\/wp-json\/wp\/v2\/categories?post=965"},{"taxonomy":"post_tag","embeddable":true,"href":"https:\/\/www.leben-atmen.com\/palermo\/wp-json\/wp\/v2\/tags?post=965"}],"curies":[{"name":"wp","href":"https:\/\/api.w.org\/{rel}","templated":true}]}}