{"id":960,"date":"2013-07-03T17:41:11","date_gmt":"2013-07-03T17:41:11","guid":{"rendered":"https:\/\/www.leben-atmen.com\/palermo\/?p=960"},"modified":"2013-07-03T17:41:11","modified_gmt":"2013-07-03T17:41:11","slug":"app-update-verfugbar","status":"publish","type":"post","link":"https:\/\/www.leben-atmen.com\/palermo\/2013\/07\/03\/app-update-verfugbar\/","title":{"rendered":"App-Update verf\u00fcgbar"},"content":{"rendered":"<p>Seit heute kann das n\u00e4chste App-Update geladen werden. Lars Bergelt hat es nochmals optimiert und verbessert, so dass nun das Laden etc. nochmals deutlich flotte vonstatten geht.<br \/>\nZudem haben wir 3 interessante neue Funktionen eingebaut:<br \/>\n1. Die Bildergalerie zeigt nun an erster Stelle die neuesten Fotos. Bei mittlerweile immerhin mehr als 400 Fotos ist das von vielen Anwender gew\u00fcnscht worden. Damit entf\u00e4llt das l\u00e4stige Scrollen nach unten.<br \/>\n2. Die Bildergalerie wird deutlich schneller geladen und baut die Bilder rascher auf.<br \/>\n3. Neben Text-, Foto- und Video-Beitr\u00e4gen k\u00f6nnen wir nun auch Audio-Beitr\u00e4ge einstellen, die mit einem neuen Icon versehen werden. Wir werden das asap mal machen und freuen uns \u00fcber Ihrer Feedback dazu.<\/p>\n<p>Viel Freude mit der aktuellen Version \ud83d\ude42<\/p>\n","protected":false},"excerpt":{"rendered":"<p>Seit heute kann das n\u00e4chste App-Update geladen werden. Lars Bergelt hat es nochmals optimiert und verbessert, so dass nun das Laden etc. nochmals deutlich flotte vonstatten geht. Zudem haben wir 3 interessante neue Funktionen eingebaut: 1. Die Bildergalerie zeigt nun &hellip; <a href=\"https:\/\/www.leben-atmen.com\/palermo\/2013\/07\/03\/app-update-verfugbar\/\">Weiterlesen <span class=\"meta-nav\">&rarr;<\/span><\/a><\/p>\n","protected":false},"author":3,"featured_media":0,"comment_status":"open","ping_status":"open","sticky":false,"template":"","format":"standard","meta":{"_jetpack_memberships_contains_paid_content":false,"footnotes":""},"categories":[1],"tags":[],"class_list":["post-960","post","type-post","status-publish","format-standard","hentry","category-allgemein"],"jetpack_featured_media_url":"","jetpack_sharing_enabled":true,"_links":{"self":[{"href":"https:\/\/www.leben-atmen.com\/palermo\/wp-json\/wp\/v2\/posts\/960","targetHints":{"allow":["GET"]}}],"collection":[{"href":"https:\/\/www.leben-atmen.com\/palermo\/wp-json\/wp\/v2\/posts"}],"about":[{"href":"https:\/\/www.leben-atmen.com\/palermo\/wp-json\/wp\/v2\/types\/post"}],"author":[{"embeddable":true,"href":"https:\/\/www.leben-atmen.com\/palermo\/wp-json\/wp\/v2\/users\/3"}],"replies":[{"embeddable":true,"href":"https:\/\/www.leben-atmen.com\/palermo\/wp-json\/wp\/v2\/comments?post=960"}],"version-history":[{"count":1,"href":"https:\/\/www.leben-atmen.com\/palermo\/wp-json\/wp\/v2\/posts\/960\/revisions"}],"predecessor-version":[{"id":961,"href":"https:\/\/www.leben-atmen.com\/palermo\/wp-json\/wp\/v2\/posts\/960\/revisions\/961"}],"wp:attachment":[{"href":"https:\/\/www.leben-atmen.com\/palermo\/wp-json\/wp\/v2\/media?parent=960"}],"wp:term":[{"taxonomy":"category","embeddable":true,"href":"https:\/\/www.leben-atmen.com\/palermo\/wp-json\/wp\/v2\/categories?post=960"},{"taxonomy":"post_tag","embeddable":true,"href":"https:\/\/www.leben-atmen.com\/palermo\/wp-json\/wp\/v2\/tags?post=960"}],"curies":[{"name":"wp","href":"https:\/\/api.w.org\/{rel}","templated":true}]}}