{"id":931,"date":"2013-07-02T17:06:42","date_gmt":"2013-07-02T17:06:42","guid":{"rendered":"https:\/\/www.leben-atmen.com\/palermo\/?p=931"},"modified":"2013-07-02T17:06:42","modified_gmt":"2013-07-02T17:06:42","slug":"jedem-seine-aussicht","status":"publish","type":"post","link":"https:\/\/www.leben-atmen.com\/palermo\/2013\/07\/02\/jedem-seine-aussicht\/","title":{"rendered":"Jedem seine Aussicht"},"content":{"rendered":"<p>&#8222;In Sardinien kannst Du nur Urlaub machen, aber nicht leben!&#8220; Zitat Paolo vom Restaurant Antica Sardegna in Aichach. Diesen Satz sprach er, als ich ihn im Mai fragte, wie es denn auf Sardinien sei. &#8222;Sch\u00f6n&#8220; meinte er. Und wieso er nicht dort geblieben ist? Siehe oben. Damals dachte ich mir noch, mei wie kann man einen Ort, wo es sch\u00f6n ist, f\u00fcr Deutschland, des kalte Loch, verlassen?<\/p>\n<p>Wir radeln \u00fcberden ersten Abschnitt der Insel. Am Meer befinden sich ausschlie\u00dflich Ferienvillen. Aber nicht nur dort, sondern bereits in jeden Hang, der halbwegs Meerblick hat, wird eine Villa in den Stein gezimmert. Ich beginne schon zu singen &#8222;Und no a Villa, no a Villa muas i zimman!&#8220;<\/p>\n<p>Das w\u00e4re ja auch noch okay, bef\u00e4nden sich die Leute, die das gebaut, gekauft haben, auch darin. Aber &#8211; es ist niemand da! Alle St\u00e4dtchen wirken wie ausgestorben &#8211; Klar, es ist ja nicht Ferragosto (Schreibt man das so?) Aber so viele Ressourcen, nur wegen einem Monat?<\/p>\n<p>Vielleicht t\u00e4uscht es ja nur, aber es stehen auch keine Autos vor den Villen, manche G\u00e4rten sind ungepflegt und auch sonst kein Anzeichen auf Leben.<\/p>\n<p>Im Hinterland ist es einsam &#8211; nur K\u00fche, Pferde, Ziegen und wir. Nicht mal Autos wollen hier fahren, die nehmen die K\u00fcstenstra\u00dfe. Kein Traktor, kein Bauer, kein Niemand. Ich fand den Franziskusweg schon einsam, aber gegen hier ist er eine \u00fcberf\u00fcllte Gro\u00dfstadt. Da wurde sogar mir heute etwas unheimlich, obwohl ich Einsamkeit schon ertragen kann. Allerdings ist diese rauhe Landschaft sehr sehr anziehend, das Meer stahlblau, t\u00fcrkis, karibisch sch\u00f6n. (Heute weht ein strammer kalter Ostwind, es ist kaum jemand am Strand, weil es so kalt ist).<\/p>\n<p>Gut, seit heute kann ich Paolo verstehen, der sich in Deutschland eine Existenz aufbauen konnte, seine Kinder Bayern ihre Heimat nennen, nicht hierher wollen und auch nicht k\u00f6nnen, weil es keine Chance f\u00fcr sie zu geben scheint.<\/p>\n<p>Hier kann man eben &#8222;nur&#8220; Urlaub machen, aber anscheinend nicht leben&#8230;<\/p>\n<p><a href=\"https:\/\/www.leben-atmen.com\/wp-content\/blogs.dir\/4\/files\/2013\/07\/Einsame-Stra\u00dfe.jpg\" data-rel=\"lightbox-image-0\" data-rl_title=\"\" data-rl_caption=\"\" title=\"\"><img decoding=\"async\" class=\"alignnone size-full\" alt=\"\" src=\"https:\/\/www.leben-atmen.com\/wp-content\/blogs.dir\/4\/files\/2013\/07\/Einsame-Stra\u00dfe.jpg\" \/><\/a> <a href=\"https:\/\/www.leben-atmen.com\/wp-content\/blogs.dir\/4\/files\/2013\/07\/Einsame-Villen.jpg\" data-rel=\"lightbox-image-1\" data-rl_title=\"\" data-rl_caption=\"\" title=\"\"><img decoding=\"async\" class=\"alignnone size-full\" alt=\"\" src=\"https:\/\/www.leben-atmen.com\/wp-content\/blogs.dir\/4\/files\/2013\/07\/Einsame-Villen.jpg\" \/><\/a> <a href=\"https:\/\/www.leben-atmen.com\/wp-content\/blogs.dir\/4\/files\/2013\/07\/Einsames-Bike.jpg\" data-rel=\"lightbox-image-2\" data-rl_title=\"\" data-rl_caption=\"\" title=\"\"><img decoding=\"async\" class=\"alignnone size-full\" alt=\"\" src=\"https:\/\/www.leben-atmen.com\/wp-content\/blogs.dir\/4\/files\/2013\/07\/Einsames-Bike.jpg\" \/><\/a><\/p>\n","protected":false},"excerpt":{"rendered":"<p>&#8222;In Sardinien kannst Du nur Urlaub machen, aber nicht leben!&#8220; Zitat Paolo vom Restaurant Antica Sardegna in Aichach. Diesen Satz sprach er, als ich ihn im Mai fragte, wie es denn auf Sardinien sei. &#8222;Sch\u00f6n&#8220; meinte er. Und wieso er &hellip; <a href=\"https:\/\/www.leben-atmen.com\/palermo\/2013\/07\/02\/jedem-seine-aussicht\/\">Weiterlesen <span class=\"meta-nav\">&rarr;<\/span><\/a><\/p>\n","protected":false},"author":2,"featured_media":0,"comment_status":"open","ping_status":"open","sticky":false,"template":"","format":"standard","meta":{"_jetpack_memberships_contains_paid_content":false,"footnotes":""},"categories":[1],"tags":[],"class_list":["post-931","post","type-post","status-publish","format-standard","hentry","category-allgemein"],"jetpack_featured_media_url":"","jetpack_sharing_enabled":true,"_links":{"self":[{"href":"https:\/\/www.leben-atmen.com\/palermo\/wp-json\/wp\/v2\/posts\/931","targetHints":{"allow":["GET"]}}],"collection":[{"href":"https:\/\/www.leben-atmen.com\/palermo\/wp-json\/wp\/v2\/posts"}],"about":[{"href":"https:\/\/www.leben-atmen.com\/palermo\/wp-json\/wp\/v2\/types\/post"}],"author":[{"embeddable":true,"href":"https:\/\/www.leben-atmen.com\/palermo\/wp-json\/wp\/v2\/users\/2"}],"replies":[{"embeddable":true,"href":"https:\/\/www.leben-atmen.com\/palermo\/wp-json\/wp\/v2\/comments?post=931"}],"version-history":[{"count":1,"href":"https:\/\/www.leben-atmen.com\/palermo\/wp-json\/wp\/v2\/posts\/931\/revisions"}],"predecessor-version":[{"id":935,"href":"https:\/\/www.leben-atmen.com\/palermo\/wp-json\/wp\/v2\/posts\/931\/revisions\/935"}],"wp:attachment":[{"href":"https:\/\/www.leben-atmen.com\/palermo\/wp-json\/wp\/v2\/media?parent=931"}],"wp:term":[{"taxonomy":"category","embeddable":true,"href":"https:\/\/www.leben-atmen.com\/palermo\/wp-json\/wp\/v2\/categories?post=931"},{"taxonomy":"post_tag","embeddable":true,"href":"https:\/\/www.leben-atmen.com\/palermo\/wp-json\/wp\/v2\/tags?post=931"}],"curies":[{"name":"wp","href":"https:\/\/api.w.org\/{rel}","templated":true}]}}