{"id":920,"date":"2013-07-02T08:35:33","date_gmt":"2013-07-02T08:35:33","guid":{"rendered":"https:\/\/www.leben-atmen.com\/palermo\/?p=920"},"modified":"2013-07-02T16:03:23","modified_gmt":"2013-07-02T16:03:23","slug":"erste-eindrucken-von-sardinien","status":"publish","type":"post","link":"https:\/\/www.leben-atmen.com\/palermo\/2013\/07\/02\/erste-eindrucken-von-sardinien\/","title":{"rendered":"Erste Eindr\u00fccke von Sardinien"},"content":{"rendered":"<p>Es ist bereits vormittags um 10:00 Uhr recht warm, dennoch weht ein sehr k\u00fchler Wind. Es ist die Frage ob das baden schon m\u00f6glich ist? Ansonsten ist herrlich auf dieser Insel und es ist immer sch\u00f6n \u00fcber das Meer hinaus zu schauen.<br \/>\nEs gibt sehr viele Ferienwohnungen und Ferienh\u00e4user. Aber zum Gl\u00fcck ist der Tourismus jetzt noch verhalten.<\/p>\n<p><a href=\"https:\/\/www.leben-atmen.com\/wp-content\/blogs.dir\/4\/files\/2013\/07\/20130702-103510.jpg\" data-rel=\"lightbox-image-0\" data-rl_title=\"\" data-rl_caption=\"\" title=\"\"><img decoding=\"async\" src=\"https:\/\/www.leben-atmen.com\/wp-content\/blogs.dir\/4\/files\/2013\/07\/20130702-103510.jpg\" alt=\"20130702-103510.jpg\" class=\"alignnone size-full\" \/><\/a><\/p>\n<p><a href=\"https:\/\/www.leben-atmen.com\/wp-content\/blogs.dir\/4\/files\/2013\/07\/20130702-103526.jpg\" data-rel=\"lightbox-image-1\" data-rl_title=\"\" data-rl_caption=\"\" title=\"\"><img decoding=\"async\" src=\"https:\/\/www.leben-atmen.com\/wp-content\/blogs.dir\/4\/files\/2013\/07\/20130702-103526.jpg\" alt=\"20130702-103526.jpg\" class=\"alignnone size-full\" \/><\/a><\/p>\n","protected":false},"excerpt":{"rendered":"<p>Es ist bereits vormittags um 10:00 Uhr recht warm, dennoch weht ein sehr k\u00fchler Wind. Es ist die Frage ob das baden schon m\u00f6glich ist? Ansonsten ist herrlich auf dieser Insel und es ist immer sch\u00f6n \u00fcber das Meer hinaus &hellip; <a href=\"https:\/\/www.leben-atmen.com\/palermo\/2013\/07\/02\/erste-eindrucken-von-sardinien\/\">Weiterlesen <span class=\"meta-nav\">&rarr;<\/span><\/a><\/p>\n","protected":false},"author":3,"featured_media":0,"comment_status":"open","ping_status":"open","sticky":false,"template":"","format":"standard","meta":{"_jetpack_memberships_contains_paid_content":false,"footnotes":""},"categories":[1],"tags":[],"class_list":["post-920","post","type-post","status-publish","format-standard","hentry","category-allgemein"],"jetpack_featured_media_url":"","jetpack_sharing_enabled":true,"_links":{"self":[{"href":"https:\/\/www.leben-atmen.com\/palermo\/wp-json\/wp\/v2\/posts\/920","targetHints":{"allow":["GET"]}}],"collection":[{"href":"https:\/\/www.leben-atmen.com\/palermo\/wp-json\/wp\/v2\/posts"}],"about":[{"href":"https:\/\/www.leben-atmen.com\/palermo\/wp-json\/wp\/v2\/types\/post"}],"author":[{"embeddable":true,"href":"https:\/\/www.leben-atmen.com\/palermo\/wp-json\/wp\/v2\/users\/3"}],"replies":[{"embeddable":true,"href":"https:\/\/www.leben-atmen.com\/palermo\/wp-json\/wp\/v2\/comments?post=920"}],"version-history":[{"count":1,"href":"https:\/\/www.leben-atmen.com\/palermo\/wp-json\/wp\/v2\/posts\/920\/revisions"}],"predecessor-version":[{"id":930,"href":"https:\/\/www.leben-atmen.com\/palermo\/wp-json\/wp\/v2\/posts\/920\/revisions\/930"}],"wp:attachment":[{"href":"https:\/\/www.leben-atmen.com\/palermo\/wp-json\/wp\/v2\/media?parent=920"}],"wp:term":[{"taxonomy":"category","embeddable":true,"href":"https:\/\/www.leben-atmen.com\/palermo\/wp-json\/wp\/v2\/categories?post=920"},{"taxonomy":"post_tag","embeddable":true,"href":"https:\/\/www.leben-atmen.com\/palermo\/wp-json\/wp\/v2\/tags?post=920"}],"curies":[{"name":"wp","href":"https:\/\/api.w.org\/{rel}","templated":true}]}}