{"id":912,"date":"2013-07-02T05:16:21","date_gmt":"2013-07-02T05:16:21","guid":{"rendered":"https:\/\/www.leben-atmen.com\/palermo\/?p=912"},"modified":"2013-07-02T05:16:21","modified_gmt":"2013-07-02T05:16:21","slug":"was-fur-ein-tag","status":"publish","type":"post","link":"https:\/\/www.leben-atmen.com\/palermo\/2013\/07\/02\/was-fur-ein-tag\/","title":{"rendered":"Was f\u00fcr ein Tag!"},"content":{"rendered":"<p>Zuerst die Bibberei: Kommt das Teil aus M\u00fcnchen oder kommt es nicht? Dann mussten wir aus dem Hotel auschecken. Dann fuhren wir buchst\u00e4blich durch ganz Rom zu Marco \u2013 mitsamt dem Gep\u00e4ck. Ich hatte\u00a0 zu Fu\u00df schon immer Angst in Rom, aber mit dem Rad und Tonis Problem: ein Spie\u00dfrutenlauf. Verkehr, Autos, Vespas, alles auf einmal und alle Stra\u00dfen voll! Aber wie ihr seht, auch das \u00fcberlebt man.<\/p>\n<p>Den Rest kennt Ihr: Marco konnte erfolgreich Tonis Gangschaltung in Gang setzen. Das Problem lag tats\u00e4chlich daran, dass wir dieses Verschlei\u00dfteil eigentlich als Ersatz obligatorisch dabei haben m\u00fcssten bzw. gibt es gleich eines, dass man einfach selber montieren k\u00f6nnte. Aber es hat uns niemand jemals darauf hingewiesen&#8230;<\/p>\n<p>Okay, Schwamm dr\u00fcber, hoffen wir nun, dass es bei mir nicht auch noch passiert, dann n\u00e4mlich ist die Reise tats\u00e4chlich vorbei, nochmal mache ich das nicht mehr mit, das halt ich nicht aus.<\/p>\n<p>Meine Nerven lagen bis zum Nachmittag blank. Ich glaube, ich h\u00e4tte losgeheult, wenn wir keinen Erfolg gehabt h\u00e4tten. So eine Niederlage m\u00fcsste man erst wegstecken k\u00f6nnen.<\/p>\n<p>Jedenfalls wolle ich noch meinen Dank all jenen aussprechen, die uns geholfen haben:<\/p>\n<p>Hans (vor allem ihm, meinem allerbesten Freund), Tommy, Barbara, Frau Rohloff, Roberto Soldatini, Marco und sein Freund und Helfer (Namen wissen wir nicht mehr), die drei Jungs vom City-Nightline, der Kommentator, und nicht zuletzt der Hl. Franz, zu dem wir einige Sto\u00dfgebete gesendet hatten.<\/p>\n<p>Ich komme gerne der Bitte nach, Marcos Adresse zu ver\u00f6ffentlichen, denn er wollte kaum Geld f\u00fcr die Reparatur:<\/p>\n<p>Solltet Ihr jemals in Rom sein und ein Problem mit dem Fahrrad haben, dieser Mann kann Euch helfen:<\/p>\n<p>trailBike<\/p>\n<p>via Sebastiano Ziani 49\/51<\/p>\n<p>00136 Roma<\/p>\n<p>tel: 0039 06 39 73 79 64<\/p>\n<p>www.trailbikeshop.com, info@trailbikeshop.com<\/p>\n<p>&nbsp;<\/p>\n<p>und sein Freund und Helfer bietet Fahrradreisen, vorwiegend Mountainbiketrails auf Teneriffa an:<\/p>\n<p>&nbsp;<\/p>\n<p>fluyendo.net<\/p>\n<p>MTB &amp; Outdoor Vacations in Tenerife<\/p>\n<p>tel: 0034-685 557 687 &#8211; E-Mail: info@fluyendo.net<\/p>\n<p>&nbsp;<\/p>\n<p>Beide sprechen sehr gut Englisch und nat\u00fcrlich Italienisch!<\/p>\n<p><a href=\"https:\/\/www.leben-atmen.com\/wp-content\/blogs.dir\/4\/files\/2013\/07\/Reparatur.jpg\" data-rel=\"lightbox-image-0\" data-rl_title=\"\" data-rl_caption=\"\" title=\"\"><img decoding=\"async\" class=\"alignnone size-full\" alt=\"\" src=\"https:\/\/www.leben-atmen.com\/wp-content\/blogs.dir\/4\/files\/2013\/07\/Reparatur.jpg\" \/><\/a><\/p>\n","protected":false},"excerpt":{"rendered":"<p>Zuerst die Bibberei: Kommt das Teil aus M\u00fcnchen oder kommt es nicht? Dann mussten wir aus dem Hotel auschecken. Dann fuhren wir buchst\u00e4blich durch ganz Rom zu Marco \u2013 mitsamt dem Gep\u00e4ck. Ich hatte\u00a0 zu Fu\u00df schon immer Angst in &hellip; <a href=\"https:\/\/www.leben-atmen.com\/palermo\/2013\/07\/02\/was-fur-ein-tag\/\">Weiterlesen <span class=\"meta-nav\">&rarr;<\/span><\/a><\/p>\n","protected":false},"author":2,"featured_media":0,"comment_status":"open","ping_status":"open","sticky":false,"template":"","format":"standard","meta":{"_jetpack_memberships_contains_paid_content":false,"footnotes":""},"categories":[1],"tags":[],"class_list":["post-912","post","type-post","status-publish","format-standard","hentry","category-allgemein"],"jetpack_featured_media_url":"","jetpack_sharing_enabled":true,"_links":{"self":[{"href":"https:\/\/www.leben-atmen.com\/palermo\/wp-json\/wp\/v2\/posts\/912","targetHints":{"allow":["GET"]}}],"collection":[{"href":"https:\/\/www.leben-atmen.com\/palermo\/wp-json\/wp\/v2\/posts"}],"about":[{"href":"https:\/\/www.leben-atmen.com\/palermo\/wp-json\/wp\/v2\/types\/post"}],"author":[{"embeddable":true,"href":"https:\/\/www.leben-atmen.com\/palermo\/wp-json\/wp\/v2\/users\/2"}],"replies":[{"embeddable":true,"href":"https:\/\/www.leben-atmen.com\/palermo\/wp-json\/wp\/v2\/comments?post=912"}],"version-history":[{"count":2,"href":"https:\/\/www.leben-atmen.com\/palermo\/wp-json\/wp\/v2\/posts\/912\/revisions"}],"predecessor-version":[{"id":914,"href":"https:\/\/www.leben-atmen.com\/palermo\/wp-json\/wp\/v2\/posts\/912\/revisions\/914"}],"wp:attachment":[{"href":"https:\/\/www.leben-atmen.com\/palermo\/wp-json\/wp\/v2\/media?parent=912"}],"wp:term":[{"taxonomy":"category","embeddable":true,"href":"https:\/\/www.leben-atmen.com\/palermo\/wp-json\/wp\/v2\/categories?post=912"},{"taxonomy":"post_tag","embeddable":true,"href":"https:\/\/www.leben-atmen.com\/palermo\/wp-json\/wp\/v2\/tags?post=912"}],"curies":[{"name":"wp","href":"https:\/\/api.w.org\/{rel}","templated":true}]}}