{"id":890,"date":"2013-06-30T18:29:37","date_gmt":"2013-06-30T18:29:37","guid":{"rendered":"https:\/\/www.leben-atmen.com\/palermo\/?p=890"},"modified":"2013-06-30T18:29:37","modified_gmt":"2013-06-30T18:29:37","slug":"sightseeing-in-rom","status":"publish","type":"post","link":"https:\/\/www.leben-atmen.com\/palermo\/2013\/06\/30\/sightseeing-in-rom\/","title":{"rendered":"Sightseeing in Rom"},"content":{"rendered":"<p>Gestartet sind wir an der Lateranbasilika, in deren N\u00e4he wir \u00fcbernachten. Der ehemalige Papstsitz trohnt noch immer stolz auf einer Anh\u00f6he. Man sieht ihm schon noch an, dass es ein m\u00e4chtiges Gel\u00e4nde war, bestimmt dem neuen Sitz \u00e4hnlich und f\u00fcr damalige Zeiten immens gro\u00df.<\/p>\n<p>Weiter ging es zu Fu\u00df in Richtung Colloseum, wo wir auf das Siegestor trafen und dann um das Colloseum herumgegangen sind. Von innen hatten wir es 2008 schon gesehen, es war auch wahnsinnig viel los, so ersparten wir uns das und wanderten auf der \u2013 am Sonntag gesperrten Stra\u00dfe \u2013 zum Piazza Venezia mit dem beeindruckenden\u00a0Monumento Vittorio Emanuele II. In diesem kann man in der mittleren Ebene eine sch\u00f6ne und gute Bar finden, einen Cappu trinken und \u00fcber Rom gucken.<\/p>\n<p>Dann machten wir uns, nachdem wir die Innenr\u00e4ume mit Waffen und toten Kriegern und Helden bestaunt hatten, weiter zur Fontana di Trevi. Wie immer konnte man vor lauter Menschen kaum den Brunnen sehen, der mal fr\u00fcher die Thermenversorgung am Pantheon in der N\u00e4he darstellte, heute weltber\u00fchmt ist.\u00a02008, bei meinem ersten Besuch hier, warf ich eine M\u00fcnze hinein. Die soll einen immer nach Rom zur\u00fcckbringen. Wohl ist das unser &#8222;Fluch&#8220;, immer mal wieder hier zu sein? Sei es wie es sei, die Spanische Treppe wartete auch auf uns, dass wir sie erklimmen und ein paar Fotos schie\u00dfen.<\/p>\n<p>\u00dcber die Stufen wieder hinab, gingen wir hin\u00fcber zur Engelsburg, die einmal als Mausoleum f\u00fcr Hadrian und seine Nachfolger gedacht, und von P\u00e4psten dann als Burg umgebaut wurde. Die Engelsbr\u00fccke f\u00fchrt direkt darauf zu.<\/p>\n<p>Unser Ziel war noch einmal der Petersplatz, wir wollten in den Dom hinein. Um 18 Uhr waren immer noch so viele Menschen, dass wir eine halbe Stunde in der Schlange gewartet haben, um durch die Sicherheitskontrollen zu gelangen. Dies hat sich aber gelohnt, es ist wirklich bombastisch, das Innere des Doms, das Grab des Petrus, die Gr\u00e4ber der P\u00e4pste. Man ist gepl\u00e4ttet, ersch\u00fcttert, fasziniert aber auch ern\u00fcchtert, weil, und sei die Macht und der Reichtum noch so gro\u00df, keine Stunde l\u00e4nger kann man sich erkaufen, wenn die Zeit gekommen ist.<\/p>\n<p>Zur Mittagszeit hatten wir immer wieder Telefonate wegen unserer Schaltung. Im Moment telefoniert gerade der Toni mit unserem Hans, der das Ersatzteil einer Gruppe junger M\u00e4nner mitgeben konnte. Wir werden morgen auf sie am Bahnhof Termini auf sie warten. Hofft mit uns, dass sie ehrlich sind und das Ding nicht in den Abfalleimer werfen&#8230;<\/p>\n<p><a href=\"https:\/\/www.leben-atmen.com\/wp-content\/blogs.dir\/4\/files\/2013\/06\/Beginn-Lateran.jpg\" data-rel=\"lightbox-image-0\" data-rl_title=\"\" data-rl_caption=\"\" title=\"\"><img decoding=\"async\" class=\"alignnone size-full\" alt=\"\" src=\"https:\/\/www.leben-atmen.com\/wp-content\/blogs.dir\/4\/files\/2013\/06\/Beginn-Lateran.jpg\" \/><\/a> <a href=\"https:\/\/www.leben-atmen.com\/wp-content\/blogs.dir\/4\/files\/2013\/06\/Colloseum.jpg\" data-rel=\"lightbox-image-1\" data-rl_title=\"\" data-rl_caption=\"\" title=\"\"><img decoding=\"async\" class=\"alignnone size-full\" alt=\"\" src=\"https:\/\/www.leben-atmen.com\/wp-content\/blogs.dir\/4\/files\/2013\/06\/Colloseum.jpg\" \/><\/a> <a href=\"https:\/\/www.leben-atmen.com\/wp-content\/blogs.dir\/4\/files\/2013\/06\/Siegestor.jpg\" data-rel=\"lightbox-image-2\" data-rl_title=\"\" data-rl_caption=\"\" title=\"\"><img decoding=\"async\" class=\"alignnone size-full\" alt=\"\" src=\"https:\/\/www.leben-atmen.com\/wp-content\/blogs.dir\/4\/files\/2013\/06\/Siegestor.jpg\" \/><\/a> <a href=\"https:\/\/www.leben-atmen.com\/wp-content\/blogs.dir\/4\/files\/2013\/06\/Engelsbr\u00fccke.jpg\" data-rel=\"lightbox-image-3\" data-rl_title=\"\" data-rl_caption=\"\" title=\"\"><img decoding=\"async\" class=\"alignnone size-full\" alt=\"\" src=\"https:\/\/www.leben-atmen.com\/wp-content\/blogs.dir\/4\/files\/2013\/06\/Engelsbr\u00fccke.jpg\" \/><\/a> <a href=\"https:\/\/www.leben-atmen.com\/wp-content\/blogs.dir\/4\/files\/2013\/06\/Fontana-di-Trevi.jpg\" data-rel=\"lightbox-image-4\" data-rl_title=\"\" data-rl_caption=\"\" title=\"\"><img decoding=\"async\" class=\"alignnone size-full\" alt=\"\" src=\"https:\/\/www.leben-atmen.com\/wp-content\/blogs.dir\/4\/files\/2013\/06\/Fontana-di-Trevi.jpg\" \/><\/a> <a href=\"https:\/\/www.leben-atmen.com\/wp-content\/blogs.dir\/4\/files\/2013\/06\/Monumento-Vittorio-Emanuele-II-.jpg\" data-rel=\"lightbox-image-5\" data-rl_title=\"\" data-rl_caption=\"\" title=\"\"><img decoding=\"async\" class=\"alignnone size-full\" alt=\"\" src=\"https:\/\/www.leben-atmen.com\/wp-content\/blogs.dir\/4\/files\/2013\/06\/Monumento-Vittorio-Emanuele-II-.jpg\" \/><\/a> <a href=\"https:\/\/www.leben-atmen.com\/wp-content\/blogs.dir\/4\/files\/2013\/06\/Petersdom.jpg\" data-rel=\"lightbox-image-6\" data-rl_title=\"\" data-rl_caption=\"\" title=\"\"><img decoding=\"async\" class=\"alignnone size-full\" alt=\"\" src=\"https:\/\/www.leben-atmen.com\/wp-content\/blogs.dir\/4\/files\/2013\/06\/Petersdom.jpg\" \/><\/a><\/p>\n","protected":false},"excerpt":{"rendered":"<p>Gestartet sind wir an der Lateranbasilika, in deren N\u00e4he wir \u00fcbernachten. Der ehemalige Papstsitz trohnt noch immer stolz auf einer Anh\u00f6he. Man sieht ihm schon noch an, dass es ein m\u00e4chtiges Gel\u00e4nde war, bestimmt dem neuen Sitz \u00e4hnlich und f\u00fcr &hellip; <a href=\"https:\/\/www.leben-atmen.com\/palermo\/2013\/06\/30\/sightseeing-in-rom\/\">Weiterlesen <span class=\"meta-nav\">&rarr;<\/span><\/a><\/p>\n","protected":false},"author":2,"featured_media":0,"comment_status":"open","ping_status":"open","sticky":false,"template":"","format":"standard","meta":{"_jetpack_memberships_contains_paid_content":false,"footnotes":""},"categories":[1],"tags":[],"class_list":["post-890","post","type-post","status-publish","format-standard","hentry","category-allgemein"],"jetpack_featured_media_url":"","jetpack_sharing_enabled":true,"_links":{"self":[{"href":"https:\/\/www.leben-atmen.com\/palermo\/wp-json\/wp\/v2\/posts\/890","targetHints":{"allow":["GET"]}}],"collection":[{"href":"https:\/\/www.leben-atmen.com\/palermo\/wp-json\/wp\/v2\/posts"}],"about":[{"href":"https:\/\/www.leben-atmen.com\/palermo\/wp-json\/wp\/v2\/types\/post"}],"author":[{"embeddable":true,"href":"https:\/\/www.leben-atmen.com\/palermo\/wp-json\/wp\/v2\/users\/2"}],"replies":[{"embeddable":true,"href":"https:\/\/www.leben-atmen.com\/palermo\/wp-json\/wp\/v2\/comments?post=890"}],"version-history":[{"count":1,"href":"https:\/\/www.leben-atmen.com\/palermo\/wp-json\/wp\/v2\/posts\/890\/revisions"}],"predecessor-version":[{"id":898,"href":"https:\/\/www.leben-atmen.com\/palermo\/wp-json\/wp\/v2\/posts\/890\/revisions\/898"}],"wp:attachment":[{"href":"https:\/\/www.leben-atmen.com\/palermo\/wp-json\/wp\/v2\/media?parent=890"}],"wp:term":[{"taxonomy":"category","embeddable":true,"href":"https:\/\/www.leben-atmen.com\/palermo\/wp-json\/wp\/v2\/categories?post=890"},{"taxonomy":"post_tag","embeddable":true,"href":"https:\/\/www.leben-atmen.com\/palermo\/wp-json\/wp\/v2\/tags?post=890"}],"curies":[{"name":"wp","href":"https:\/\/api.w.org\/{rel}","templated":true}]}}