{"id":884,"date":"2013-06-30T07:52:53","date_gmt":"2013-06-30T07:52:53","guid":{"rendered":"https:\/\/www.leben-atmen.com\/palermo\/?p=884"},"modified":"2013-06-30T07:52:53","modified_gmt":"2013-06-30T07:52:53","slug":"neuer-spendenkontostand-ein-rad-fur-ralf","status":"publish","type":"post","link":"https:\/\/www.leben-atmen.com\/palermo\/2013\/06\/30\/neuer-spendenkontostand-ein-rad-fur-ralf\/","title":{"rendered":"Neuer Spendenkontostand &#8222;Ein Rad f\u00fcr Ralf&#8220;"},"content":{"rendered":"<p>am 30.6.2013 haben wir 2318 Euro zu verzeichnen.<\/p>\n<p>Wer spenden m\u00f6chte der kann das tun:<\/p>\n<p>&#8222;Ein Rad f\u00fcr Ralf&#8220;<\/p>\n<p>Raiffeisenbank Aindling BLZ 720 690 05<\/p>\n<p>Kto 1 000 429 945<\/p>\n<p>Wir haben bei unserer Reise Halbzeit und wir haben ungef\u00e4hr die H\u00e4lfte des Betrages f\u00fcr das Rad. Vielen Dank an alle, die bereits gespendet haben !<\/p>\n<p>Herzliche Gr\u00fc\u00dfe von Simone, Toni, Bea und Ralf<\/p>\n","protected":false},"excerpt":{"rendered":"<p>am 30.6.2013 haben wir 2318 Euro zu verzeichnen. Wer spenden m\u00f6chte der kann das tun: &#8222;Ein Rad f\u00fcr Ralf&#8220; Raiffeisenbank Aindling BLZ 720 690 05 Kto 1 000 429 945 Wir haben bei unserer Reise Halbzeit und wir haben ungef\u00e4hr &hellip; <a href=\"https:\/\/www.leben-atmen.com\/palermo\/2013\/06\/30\/neuer-spendenkontostand-ein-rad-fur-ralf\/\">Weiterlesen <span class=\"meta-nav\">&rarr;<\/span><\/a><\/p>\n","protected":false},"author":2,"featured_media":0,"comment_status":"open","ping_status":"open","sticky":false,"template":"","format":"standard","meta":{"_jetpack_memberships_contains_paid_content":false,"footnotes":""},"categories":[1],"tags":[],"class_list":["post-884","post","type-post","status-publish","format-standard","hentry","category-allgemein"],"jetpack_featured_media_url":"","jetpack_sharing_enabled":true,"_links":{"self":[{"href":"https:\/\/www.leben-atmen.com\/palermo\/wp-json\/wp\/v2\/posts\/884","targetHints":{"allow":["GET"]}}],"collection":[{"href":"https:\/\/www.leben-atmen.com\/palermo\/wp-json\/wp\/v2\/posts"}],"about":[{"href":"https:\/\/www.leben-atmen.com\/palermo\/wp-json\/wp\/v2\/types\/post"}],"author":[{"embeddable":true,"href":"https:\/\/www.leben-atmen.com\/palermo\/wp-json\/wp\/v2\/users\/2"}],"replies":[{"embeddable":true,"href":"https:\/\/www.leben-atmen.com\/palermo\/wp-json\/wp\/v2\/comments?post=884"}],"version-history":[{"count":1,"href":"https:\/\/www.leben-atmen.com\/palermo\/wp-json\/wp\/v2\/posts\/884\/revisions"}],"predecessor-version":[{"id":885,"href":"https:\/\/www.leben-atmen.com\/palermo\/wp-json\/wp\/v2\/posts\/884\/revisions\/885"}],"wp:attachment":[{"href":"https:\/\/www.leben-atmen.com\/palermo\/wp-json\/wp\/v2\/media?parent=884"}],"wp:term":[{"taxonomy":"category","embeddable":true,"href":"https:\/\/www.leben-atmen.com\/palermo\/wp-json\/wp\/v2\/categories?post=884"},{"taxonomy":"post_tag","embeddable":true,"href":"https:\/\/www.leben-atmen.com\/palermo\/wp-json\/wp\/v2\/tags?post=884"}],"curies":[{"name":"wp","href":"https:\/\/api.w.org\/{rel}","templated":true}]}}