{"id":877,"date":"2013-06-30T07:13:46","date_gmt":"2013-06-30T07:13:46","guid":{"rendered":"https:\/\/www.leben-atmen.com\/palermo\/?p=877"},"modified":"2013-06-30T07:13:46","modified_gmt":"2013-06-30T07:13:46","slug":"rohloff-in-rom","status":"publish","type":"post","link":"https:\/\/www.leben-atmen.com\/palermo\/2013\/06\/30\/rohloff-in-rom\/","title":{"rendered":"Rohloff in Rom"},"content":{"rendered":"<p>Klar &#8211; am heutigen Sonntag werden wir unserer Probleml\u00f6sung kaum n\u00e4her kommen. Was ist unser Problem? Nun wir haben beide eine Rohloff-Schaltung am Rad. Das ist eine Nabenschaltung mit 14 G\u00e4ngen!!!! Also absolut perfekt f\u00fcr uns. Diese Schaltung ist zuverl\u00e4ssig und von h\u00f6chster Qualit\u00e4t und die kostet auch richtig Geld. Wir hatten uns extra daf\u00fcr entschieden, weil Kettenschaltungen f\u00fcr uns zwei Nachteile haben:<br \/>\na) Man muss stets treten, um schalten zu k\u00f6nnen. Bei der Rohloff muss man das nicht. So fahren wir an eine Ampel und m\u00fcssen stehen bleiben und k\u00f6nnen \u00fcber die Rohloff-Schaltung ganz einfach einige G\u00e4nge runterschalten.<br \/>\nb) Bei Kettenschaltungen sind viele Bauteile daran beteiligt, dass alles funktioniert. Und wir haben da einfach Angst davor, irgendwo unterwegs ein Problem zu bekommen, das wir dann nicht l\u00f6sen k\u00f6nnen. Die Rohloff-Schaltung hat alles kompakt in der Hinterradnarbe verstaut und das ist extrem zuverl\u00e4ssig.<\/p>\n<p>Und jetzt kann ich also von den 14 G\u00e4ngen nur noch den Gang 14 und 13 schalten &#8211; also die zwei gr\u00f6\u00dften G\u00e4nge. Vermutlich ist ein Bowdenzug in Innern der Schaltung gesplisst. Wir brauchen jetzt also jemanden in Rom, der das reparieren kann und auch die dazugeh\u00f6rigen Ersatzteile hat.<br \/>\nFunktioniert das nicht, w\u00e4re m\u00f6glicherweise ein kompletter Tausch des gesamten Hinterrades inkl. Schaltung denkbar. Das allerdings ist nicht ganz g\u00fcnstig &#8211; knapp 1000 Euro kostet das&#8230;<\/p>\n<p>Am morgigen Montag werden wir sicher bald mehr wissen. An der Stelle schon mal vielen Dank an alle, die uns mit Informationen bislang versorgt haben, die uns weiterhelfen.<\/p>\n","protected":false},"excerpt":{"rendered":"<p>Klar &#8211; am heutigen Sonntag werden wir unserer Probleml\u00f6sung kaum n\u00e4her kommen. Was ist unser Problem? Nun wir haben beide eine Rohloff-Schaltung am Rad. Das ist eine Nabenschaltung mit 14 G\u00e4ngen!!!! Also absolut perfekt f\u00fcr uns. Diese Schaltung ist zuverl\u00e4ssig &hellip; <a href=\"https:\/\/www.leben-atmen.com\/palermo\/2013\/06\/30\/rohloff-in-rom\/\">Weiterlesen <span class=\"meta-nav\">&rarr;<\/span><\/a><\/p>\n","protected":false},"author":3,"featured_media":0,"comment_status":"open","ping_status":"open","sticky":false,"template":"","format":"standard","meta":{"_jetpack_memberships_contains_paid_content":false,"footnotes":""},"categories":[1],"tags":[],"class_list":["post-877","post","type-post","status-publish","format-standard","hentry","category-allgemein"],"jetpack_featured_media_url":"","jetpack_sharing_enabled":true,"_links":{"self":[{"href":"https:\/\/www.leben-atmen.com\/palermo\/wp-json\/wp\/v2\/posts\/877","targetHints":{"allow":["GET"]}}],"collection":[{"href":"https:\/\/www.leben-atmen.com\/palermo\/wp-json\/wp\/v2\/posts"}],"about":[{"href":"https:\/\/www.leben-atmen.com\/palermo\/wp-json\/wp\/v2\/types\/post"}],"author":[{"embeddable":true,"href":"https:\/\/www.leben-atmen.com\/palermo\/wp-json\/wp\/v2\/users\/3"}],"replies":[{"embeddable":true,"href":"https:\/\/www.leben-atmen.com\/palermo\/wp-json\/wp\/v2\/comments?post=877"}],"version-history":[{"count":1,"href":"https:\/\/www.leben-atmen.com\/palermo\/wp-json\/wp\/v2\/posts\/877\/revisions"}],"predecessor-version":[{"id":878,"href":"https:\/\/www.leben-atmen.com\/palermo\/wp-json\/wp\/v2\/posts\/877\/revisions\/878"}],"wp:attachment":[{"href":"https:\/\/www.leben-atmen.com\/palermo\/wp-json\/wp\/v2\/media?parent=877"}],"wp:term":[{"taxonomy":"category","embeddable":true,"href":"https:\/\/www.leben-atmen.com\/palermo\/wp-json\/wp\/v2\/categories?post=877"},{"taxonomy":"post_tag","embeddable":true,"href":"https:\/\/www.leben-atmen.com\/palermo\/wp-json\/wp\/v2\/tags?post=877"}],"curies":[{"name":"wp","href":"https:\/\/api.w.org\/{rel}","templated":true}]}}