{"id":862,"date":"2013-06-29T09:53:20","date_gmt":"2013-06-29T09:53:20","guid":{"rendered":"https:\/\/www.leben-atmen.com\/palermo\/?p=862"},"modified":"2013-06-29T09:53:20","modified_gmt":"2013-06-29T09:53:20","slug":"grose-panne-am-rad","status":"publish","type":"post","link":"https:\/\/www.leben-atmen.com\/palermo\/2013\/06\/29\/grose-panne-am-rad\/","title":{"rendered":"Gro\u00dfe Panne am Rad"},"content":{"rendered":"<p>Oje, Tonis Rohloff Schaltung macht gro\u00dfen \u00c4rger. Wir stehen kurz vor Rom nahe Monte Rotondo und er kann nicht mehr schalten. Warten auf Informationen von Radsport Wagner. Ausgerechnet die Rohloff, das gute Teil&#8230;vielleicht wei\u00df jemand wo ein H\u00e4ndler ist, der sich mit dieser Schaltung auskennt? <\/p>\n<p><a href=\"https:\/\/www.leben-atmen.com\/wp-content\/blogs.dir\/4\/files\/2013\/06\/20130629-115301.jpg\" data-rel=\"lightbox-image-0\" data-rl_title=\"\" data-rl_caption=\"\" title=\"\"><img decoding=\"async\" src=\"https:\/\/www.leben-atmen.com\/wp-content\/blogs.dir\/4\/files\/2013\/06\/20130629-115301.jpg\" alt=\"20130629-115301.jpg\" class=\"alignnone size-full\" \/><\/a><\/p>\n","protected":false},"excerpt":{"rendered":"<p>Oje, Tonis Rohloff Schaltung macht gro\u00dfen \u00c4rger. Wir stehen kurz vor Rom nahe Monte Rotondo und er kann nicht mehr schalten. Warten auf Informationen von Radsport Wagner. Ausgerechnet die Rohloff, das gute Teil&#8230;vielleicht wei\u00df jemand wo ein H\u00e4ndler ist, der &hellip; <a href=\"https:\/\/www.leben-atmen.com\/palermo\/2013\/06\/29\/grose-panne-am-rad\/\">Weiterlesen <span class=\"meta-nav\">&rarr;<\/span><\/a><\/p>\n","protected":false},"author":2,"featured_media":0,"comment_status":"open","ping_status":"open","sticky":false,"template":"","format":"standard","meta":{"_jetpack_memberships_contains_paid_content":false,"footnotes":""},"categories":[1],"tags":[],"class_list":["post-862","post","type-post","status-publish","format-standard","hentry","category-allgemein"],"jetpack_featured_media_url":"","jetpack_sharing_enabled":true,"_links":{"self":[{"href":"https:\/\/www.leben-atmen.com\/palermo\/wp-json\/wp\/v2\/posts\/862","targetHints":{"allow":["GET"]}}],"collection":[{"href":"https:\/\/www.leben-atmen.com\/palermo\/wp-json\/wp\/v2\/posts"}],"about":[{"href":"https:\/\/www.leben-atmen.com\/palermo\/wp-json\/wp\/v2\/types\/post"}],"author":[{"embeddable":true,"href":"https:\/\/www.leben-atmen.com\/palermo\/wp-json\/wp\/v2\/users\/2"}],"replies":[{"embeddable":true,"href":"https:\/\/www.leben-atmen.com\/palermo\/wp-json\/wp\/v2\/comments?post=862"}],"version-history":[{"count":0,"href":"https:\/\/www.leben-atmen.com\/palermo\/wp-json\/wp\/v2\/posts\/862\/revisions"}],"wp:attachment":[{"href":"https:\/\/www.leben-atmen.com\/palermo\/wp-json\/wp\/v2\/media?parent=862"}],"wp:term":[{"taxonomy":"category","embeddable":true,"href":"https:\/\/www.leben-atmen.com\/palermo\/wp-json\/wp\/v2\/categories?post=862"},{"taxonomy":"post_tag","embeddable":true,"href":"https:\/\/www.leben-atmen.com\/palermo\/wp-json\/wp\/v2\/tags?post=862"}],"curies":[{"name":"wp","href":"https:\/\/api.w.org\/{rel}","templated":true}]}}