{"id":853,"date":"2013-06-28T16:54:09","date_gmt":"2013-06-28T16:54:09","guid":{"rendered":"https:\/\/www.leben-atmen.com\/palermo\/?p=853"},"modified":"2013-06-28T16:54:09","modified_gmt":"2013-06-28T16:54:09","slug":"franziskusweg-letzter-tag","status":"publish","type":"post","link":"https:\/\/www.leben-atmen.com\/palermo\/2013\/06\/28\/franziskusweg-letzter-tag\/","title":{"rendered":"Franziskusweg, letzter Tag"},"content":{"rendered":"<p>So haben wir heute unsere letzte \u00dcbernachtungsstation des Franziskuswegs, das Kloster Farfa, erreicht. Es regnet in Str\u00f6men, es ist kalt, viel zu kalt f\u00fcr diese Jahreszeit, wie im Herbst in Italien.<\/p>\n<p>Ich m\u00f6chte heute mein Fazit \u00fcber diese besondere Wegesetappe unserer Reise nach Palermo abgeben.<\/p>\n<p>Wie auch zu Fu\u00df, erlebt man mit dem Fahrrad auf dem Weg die unglaubliche Natur hier. Man kann sie genie\u00dfen, weil es warm ist (Ausnahme die letzten beiden Tage), auf den Bergen, in den W\u00e4ldern, in den Naturparks, im Tal, ohne Autostress.<\/p>\n<p>Fahrradwege gibt es kaum, daf\u00fcr ganze Stra\u00dfenz\u00fcge, die Autos nicht mehr benutzen oder extrem ruhig sind. Wir hatten kaum 30 Kilometer auf der gesamten Strecke mit vielen Autos oder Lastwagen zu tun.<\/p>\n<p>Die Menschen sind nett, sehr nett sogar, fromm und brav. Man kommt zur Ruhe, kann geistig Kraft tanken durch die gute Versorgung mit Essen, mit Landschaft, mit W\u00e4rme, mit Begegnungen, die herzlich und urspr\u00fcnglich sind. Auch mit dem Besuch der Kl\u00f6ster und die H\u00e4ufung von Personen, die ihr Leben Gott geweiht haben, macht den Weg zu einem besonderen Weg, auch mit dem Fahrrad und auch, wenn man nicht religi\u00f6s ist.<\/p>\n<p>Durch die schon eher hohe k\u00f6rperliche Belastung (H\u00f6henmeter \ud83d\ude42 wird man ebenfalls ganz ruhig, man braucht nichts mehr als eine warme Dusche, ein sauberes Bett, eine sch\u00f6ne Mahlzeit, a Glaserl Wein. So ist das hier auf dem Franziskusweg in Italien, und wie ich pers\u00f6nlich meine, ist das der sch\u00f6nste Weg, den man in seinem Leben nur beschreiten oder mit dem Fahrrad befahren kann.<\/p>\n<p><a href=\"https:\/\/www.leben-atmen.com\/wp-content\/blogs.dir\/4\/files\/2013\/06\/caspari.jpg\" data-rel=\"lightbox-image-0\" data-rl_title=\"\" data-rl_caption=\"\" title=\"\"><img decoding=\"async\" class=\"alignnone size-full\" alt=\"\" src=\"https:\/\/www.leben-atmen.com\/wp-content\/blogs.dir\/4\/files\/2013\/06\/caspari.jpg\" \/><\/a> <a href=\"https:\/\/www.leben-atmen.com\/wp-content\/blogs.dir\/4\/files\/2013\/06\/rom-in-sicht.jpg\" data-rel=\"lightbox-image-1\" data-rl_title=\"\" data-rl_caption=\"\" title=\"\"><img decoding=\"async\" class=\"alignnone size-full\" alt=\"\" src=\"https:\/\/www.leben-atmen.com\/wp-content\/blogs.dir\/4\/files\/2013\/06\/rom-in-sicht.jpg\" \/><\/a> <a href=\"https:\/\/www.leben-atmen.com\/wp-content\/blogs.dir\/4\/files\/2013\/06\/stroncone-kloster.jpg\" data-rel=\"lightbox-image-2\" data-rl_title=\"\" data-rl_caption=\"\" title=\"\"><img decoding=\"async\" class=\"alignnone size-full\" alt=\"\" src=\"https:\/\/www.leben-atmen.com\/wp-content\/blogs.dir\/4\/files\/2013\/06\/stroncone-kloster.jpg\" \/><\/a><\/p>\n","protected":false},"excerpt":{"rendered":"<p>So haben wir heute unsere letzte \u00dcbernachtungsstation des Franziskuswegs, das Kloster Farfa, erreicht. Es regnet in Str\u00f6men, es ist kalt, viel zu kalt f\u00fcr diese Jahreszeit, wie im Herbst in Italien. Ich m\u00f6chte heute mein Fazit \u00fcber diese besondere Wegesetappe &hellip; <a href=\"https:\/\/www.leben-atmen.com\/palermo\/2013\/06\/28\/franziskusweg-letzter-tag\/\">Weiterlesen <span class=\"meta-nav\">&rarr;<\/span><\/a><\/p>\n","protected":false},"author":2,"featured_media":0,"comment_status":"open","ping_status":"open","sticky":false,"template":"","format":"standard","meta":{"_jetpack_memberships_contains_paid_content":false,"footnotes":""},"categories":[1],"tags":[],"class_list":["post-853","post","type-post","status-publish","format-standard","hentry","category-allgemein"],"jetpack_featured_media_url":"","jetpack_sharing_enabled":true,"_links":{"self":[{"href":"https:\/\/www.leben-atmen.com\/palermo\/wp-json\/wp\/v2\/posts\/853","targetHints":{"allow":["GET"]}}],"collection":[{"href":"https:\/\/www.leben-atmen.com\/palermo\/wp-json\/wp\/v2\/posts"}],"about":[{"href":"https:\/\/www.leben-atmen.com\/palermo\/wp-json\/wp\/v2\/types\/post"}],"author":[{"embeddable":true,"href":"https:\/\/www.leben-atmen.com\/palermo\/wp-json\/wp\/v2\/users\/2"}],"replies":[{"embeddable":true,"href":"https:\/\/www.leben-atmen.com\/palermo\/wp-json\/wp\/v2\/comments?post=853"}],"version-history":[{"count":2,"href":"https:\/\/www.leben-atmen.com\/palermo\/wp-json\/wp\/v2\/posts\/853\/revisions"}],"predecessor-version":[{"id":857,"href":"https:\/\/www.leben-atmen.com\/palermo\/wp-json\/wp\/v2\/posts\/853\/revisions\/857"}],"wp:attachment":[{"href":"https:\/\/www.leben-atmen.com\/palermo\/wp-json\/wp\/v2\/media?parent=853"}],"wp:term":[{"taxonomy":"category","embeddable":true,"href":"https:\/\/www.leben-atmen.com\/palermo\/wp-json\/wp\/v2\/categories?post=853"},{"taxonomy":"post_tag","embeddable":true,"href":"https:\/\/www.leben-atmen.com\/palermo\/wp-json\/wp\/v2\/tags?post=853"}],"curies":[{"name":"wp","href":"https:\/\/api.w.org\/{rel}","templated":true}]}}