{"id":839,"date":"2013-06-27T18:04:15","date_gmt":"2013-06-27T18:04:15","guid":{"rendered":"https:\/\/www.leben-atmen.com\/palermo\/?p=839"},"modified":"2013-06-27T18:04:15","modified_gmt":"2013-06-27T18:04:15","slug":"hohenmeter-nagen-am-gemut","status":"publish","type":"post","link":"https:\/\/www.leben-atmen.com\/palermo\/2013\/06\/27\/hohenmeter-nagen-am-gemut\/","title":{"rendered":"H\u00f6henmeter nagen am Gem\u00fct"},"content":{"rendered":"<p>Langsam geht mir der Apennin auf die Nerven. Heute schon wieder \u00fcber 1000 H\u00f6henmeter geradelt. Es geht einfach nur immer rauf rauf rauf. Ich bin schon ganz deppert davon! Ich sehne mich zur\u00fcck auf die Via Claudia, die Anf\u00e4nge, einfach nur Geradeaus radeln. Naja, \u00fcbermorgen sind wir in Rom, da ist es erstmal flach. Rom selbst wird zum Radfahren kaum Vergn\u00fcgen bieten, sch\u00e4tze ich. Aber einfach das Rad ins Hotel und ab Sightseeing &#8211; Zu Fu\u00df, versteht sich, nix da Velo! Kann ich auch bald nicht mehr sehen, das Ding, wo ich mir immer die Beine voller Schmiere mache, die Griffe, die verschwitzt sind, die Taschen und alles.<\/p>\n<p>Wie gehts weiter?\u00a0 Unser Freund Uwe hat mir vor unserer Reise nicht viel Hoffnung gemacht. Sardinien sei bergig. Mal sehen, schlimmer als hier kann es auch nicht werden. Ich bin und bleibe einfach ein Flachlandindianer, ein Meeresliebhaber, da gehts doch auch nicht rauf und runter! Was m\u00f6gt ihr lieber &#8211; Berge oder flaches Land? Oder lieber das Meer?<\/p>\n<p><a href=\"https:\/\/www.leben-atmen.com\/wp-content\/blogs.dir\/4\/files\/2013\/06\/oben.jpg\" data-rel=\"lightbox-image-0\" data-rl_title=\"\" data-rl_caption=\"\" title=\"\"><img decoding=\"async\" class=\"alignnone size-full\" alt=\"\" src=\"https:\/\/www.leben-atmen.com\/wp-content\/blogs.dir\/4\/files\/2013\/06\/oben.jpg\" \/><\/a><\/p>\n<p><a href=\"https:\/\/www.leben-atmen.com\/wp-content\/blogs.dir\/4\/files\/2013\/06\/greccio-oben.jpg\" data-rel=\"lightbox-image-1\" data-rl_title=\"\" data-rl_caption=\"\" title=\"\"><img decoding=\"async\" alt=\"\" src=\"https:\/\/www.leben-atmen.com\/wp-content\/blogs.dir\/4\/files\/2013\/06\/greccio-oben.jpg\" \/><\/a><\/p>\n","protected":false},"excerpt":{"rendered":"<p>Langsam geht mir der Apennin auf die Nerven. Heute schon wieder \u00fcber 1000 H\u00f6henmeter geradelt. Es geht einfach nur immer rauf rauf rauf. Ich bin schon ganz deppert davon! Ich sehne mich zur\u00fcck auf die Via Claudia, die Anf\u00e4nge, einfach &hellip; <a href=\"https:\/\/www.leben-atmen.com\/palermo\/2013\/06\/27\/hohenmeter-nagen-am-gemut\/\">Weiterlesen <span class=\"meta-nav\">&rarr;<\/span><\/a><\/p>\n","protected":false},"author":2,"featured_media":0,"comment_status":"open","ping_status":"open","sticky":false,"template":"","format":"standard","meta":{"_jetpack_memberships_contains_paid_content":false,"footnotes":""},"categories":[1],"tags":[],"class_list":["post-839","post","type-post","status-publish","format-standard","hentry","category-allgemein"],"jetpack_featured_media_url":"","jetpack_sharing_enabled":true,"_links":{"self":[{"href":"https:\/\/www.leben-atmen.com\/palermo\/wp-json\/wp\/v2\/posts\/839","targetHints":{"allow":["GET"]}}],"collection":[{"href":"https:\/\/www.leben-atmen.com\/palermo\/wp-json\/wp\/v2\/posts"}],"about":[{"href":"https:\/\/www.leben-atmen.com\/palermo\/wp-json\/wp\/v2\/types\/post"}],"author":[{"embeddable":true,"href":"https:\/\/www.leben-atmen.com\/palermo\/wp-json\/wp\/v2\/users\/2"}],"replies":[{"embeddable":true,"href":"https:\/\/www.leben-atmen.com\/palermo\/wp-json\/wp\/v2\/comments?post=839"}],"version-history":[{"count":2,"href":"https:\/\/www.leben-atmen.com\/palermo\/wp-json\/wp\/v2\/posts\/839\/revisions"}],"predecessor-version":[{"id":842,"href":"https:\/\/www.leben-atmen.com\/palermo\/wp-json\/wp\/v2\/posts\/839\/revisions\/842"}],"wp:attachment":[{"href":"https:\/\/www.leben-atmen.com\/palermo\/wp-json\/wp\/v2\/media?parent=839"}],"wp:term":[{"taxonomy":"category","embeddable":true,"href":"https:\/\/www.leben-atmen.com\/palermo\/wp-json\/wp\/v2\/categories?post=839"},{"taxonomy":"post_tag","embeddable":true,"href":"https:\/\/www.leben-atmen.com\/palermo\/wp-json\/wp\/v2\/tags?post=839"}],"curies":[{"name":"wp","href":"https:\/\/api.w.org\/{rel}","templated":true}]}}